{"id":28761,"date":"2021-08-07T19:59:59","date_gmt":"2021-08-07T22:59:59","guid":{"rendered":"http:\/\/www.centraldenoticias.com.ar\/?p=28761"},"modified":"2021-08-07T19:59:59","modified_gmt":"2021-08-07T22:59:59","slug":"sandra-botasi-la-escuela-agraria-es-una-gran-familia","status":"publish","type":"post","link":"https:\/\/cdnoticias.com\/index.php\/2021\/08\/07\/sandra-botasi-la-escuela-agraria-es-una-gran-familia\/","title":{"rendered":"Sandra Botasi: &#8220;La Escuela Agraria es una gran familia&#8221;"},"content":{"rendered":"<p>En la jornada de este viernes se conmemor\u00f3 el d\u00eda de la ense\u00f1anza agropecuaria y por ello la veterinaria y directora de la Escuela Agropecuaria local dialog\u00f3 con Radio Universidad. \u201cTrabajamos en fortalecer la ciudadan\u00eda rural\u201d, enfatiz\u00f3.<!--more--><\/p>\n<hr \/>\n<p><strong>El pasado viernes, y como sucede cada 6 de agosto desde 1959, se conmemora el &#8220;D\u00eda de la Ense\u00f1anza Agropecuaria&#8221;<\/strong> en recuerdo del inicio del dictado de clases en la Escuela de Agronom\u00eda y Veterinaria de la provincia de Buenos Aires en 1883. Es por ello <strong>tambi\u00e9n que se homenajea a todas las profesiones vinculadas directamente con la producci\u00f3n agropecuaria, como por ejemplo Ingenieros Agr\u00f3nomos o M\u00e9dicos Veterinarios.<\/strong><\/p>\n<p>&nbsp;<\/p>\n<p>En ese marco la veterinaria y directora de la Escuela Agraria local Sandra Botasi dialog\u00f3 con La Ma\u00f1ana de Radio Universidad FM 90.1. \u201cPara nosotros es un d\u00eda de celebraci\u00f3n\u201d, enfatiz\u00f3 mientras detallaba c\u00f3mo, dentro de lo posible dentro de la pandemia, se llevaban adelante los festejos en el establecimiento educativo ubicado sobre la autopista Luciano Fortabat. <strong>\u201cEstamos de festejo y la escuela tiene la caracter\u00edstica que se festeja trabajando. Los alumnos est\u00e1n en los diferentes entornos, haciendo actividades correspondientes a cada uno esos entornos, es decir mantenimiento, mejoramiento, aprendiendo y recibiendo alguna capacitaci\u00f3n. Hay mucho movimiento en la escuela hoy\u201d<\/strong>, se\u00f1al\u00f3.<\/p>\n<p>&nbsp;<\/p>\n<p><iframe id=\"audio_73780160\" style=\"width: 100%;\" src=\"https:\/\/www.ivoox.com\/player_ej_73780160_6_1.html\" height=\"200\" frameborder=\"0\" scrolling=\"no\" allowfullscreen=\"allowfullscreen\"><\/iframe><\/p>\n<p>&nbsp;<\/p>\n<p>Botasi dio cuenta que, pese al retorno de la presencialidad, las jornadas siguen siendo limitadas. \u201cNuestra escuela tiene jornada extendida pero bueno, por supuesto todav\u00eda no lo estamos llevando a cabo, solamente estamos con cuatro horas donde los alumnos permanecen en la escuela, no la jornada porque todav\u00eda no tenemos habilitado el comedor. <strong>Esperemos que prontamente, con tantas vacunas que se est\u00e1n dando, que nuestros alumnos puedan estar vacunado y podamos volver, entre comillas, a la normalidad que ten\u00edamos antes<\/strong>\u201d, se ilusion\u00f3.<\/p>\n<p>&nbsp;<\/p>\n<p>En ese sentido agreg\u00f3 que \u201cen la escuela tenemos esta caracter\u00edstica de tener entornos formativos, donde los chicos realizan los talleres donde hacen estos trabajos. <strong>Realmente uno nota que la presencialidad es fundamental, hay cosas que desde la virtualidad se pueden hacer pero hay otras que realmente se necesita estar en la escuela. De hecho no tenemos ausentismo en la presencialidad y si por ah\u00ed se dan la virtualidad<\/strong>\u201d, subray\u00f3.<\/p>\n<p>&nbsp;<\/p>\n<p><img data-recalc-dims=\"1\" loading=\"lazy\" decoding=\"async\" class=\"alignnone size-full wp-image-28764\" src=\"https:\/\/i0.wp.com\/cdnoticias.com\/wp-content\/uploads\/2021\/08\/escuela-agraria.jpg?resize=800%2C445&#038;ssl=1\" alt=\"\" width=\"800\" height=\"445\" srcset=\"https:\/\/i0.wp.com\/cdnoticias.com\/wp-content\/uploads\/2021\/08\/escuela-agraria.jpg?w=800&amp;ssl=1 800w, https:\/\/i0.wp.com\/cdnoticias.com\/wp-content\/uploads\/2021\/08\/escuela-agraria.jpg?resize=300%2C167&amp;ssl=1 300w, https:\/\/i0.wp.com\/cdnoticias.com\/wp-content\/uploads\/2021\/08\/escuela-agraria.jpg?resize=768%2C427&amp;ssl=1 768w\" sizes=\"auto, (max-width: 800px) 100vw, 800px\" \/><\/p>\n<p>&nbsp;<\/p>\n<p>\u201cEn la Escuela Agraria trabajamos algunas cuestiones que son fundamentales para la formaci\u00f3n integral del alumno, sobre todo en valorar lo que es la agricultura familiar. Todo lo que los chicos hacen ac\u00e1 despu\u00e9s replican en sus casas, esa es la idea. <strong>En este sentido trabajamos en fortalecer lo que son los valores de la ciudadan\u00eda rural y estimular lo que es la cultura del trabajo y, despu\u00e9s, el agregado a la materia prima\u201d<\/strong>, explic\u00f3 mientras relataba c\u00f3mo durante el transcurso de esta ma\u00f1ana un grupo de alumnos estaba orde\u00f1ando y como luego esa leche es parte de la producci\u00f3n de dulce de leche o quesos.<\/p>\n<p>&nbsp;<\/p>\n<p>La directora narr\u00f3 que actualmente tienen una matr\u00edcula de 154 alumnos y que, pese a que a\u00fan resta para el per\u00edodo de inscripci\u00f3n, ya est\u00e1n recibiendo consultas. Expres\u00f3 que los egresados, de <strong>un ciclo lectivo que comprende de 7 a\u00f1os, \u201csalen de T\u00e9cnicos en Producci\u00f3n Agropecuaria, con orientaci\u00f3n en Agroalimentos. Este t\u00edtulo les posibilita insertarse en el mundo laboral en el \u00e1mbito agropecuarios o continuar en estudios superiores, que normalmente son ingenieros agr\u00f3nomo o veterinarios\u201d.<\/strong> \u201cLa verdad que es un orgullo trabajar en una escuela donde hay tanto movimiento, donde se genera tanta cosa linda\u201d, concluy\u00f3.<\/p>\n<p>&nbsp;<\/p>\n<p><a href=\"https:\/\/www.facebook.com\/agrariaolavarria\/\" target=\"_blank\" rel=\"noopener\"><em>Fotos Facebook Escuela Agraria<\/em><\/a><\/p>\n","protected":false},"excerpt":{"rendered":"<p>En la jornada de este viernes se conmemor\u00f3 el d\u00eda de la ense\u00f1anza agropecuaria y por ello la veterinaria y<\/p>\n","protected":false},"author":3,"featured_media":28765,"comment_status":"closed","ping_status":"closed","sticky":false,"template":"","format":"standard","meta":{"_jetpack_memberships_contains_paid_content":false,"footnotes":""},"categories":[5,1],"tags":[],"class_list":["post-28761","post","type-post","status-publish","format-standard","has-post-thumbnail","hentry","category-informacion-general","category-portada"],"jetpack_featured_media_url":"https:\/\/i0.wp.com\/cdnoticias.com\/wp-content\/uploads\/2021\/08\/escuela-agraria01.jpg?fit=800%2C445&ssl=1","jetpack_sharing_enabled":true,"_links":{"self":[{"href":"https:\/\/cdnoticias.com\/index.php\/wp-json\/wp\/v2\/posts\/28761","targetHints":{"allow":["GET"]}}],"collection":[{"href":"https:\/\/cdnoticias.com\/index.php\/wp-json\/wp\/v2\/posts"}],"about":[{"href":"https:\/\/cdnoticias.com\/index.php\/wp-json\/wp\/v2\/types\/post"}],"author":[{"embeddable":true,"href":"https:\/\/cdnoticias.com\/index.php\/wp-json\/wp\/v2\/users\/3"}],"replies":[{"embeddable":true,"href":"https:\/\/cdnoticias.com\/index.php\/wp-json\/wp\/v2\/comments?post=28761"}],"version-history":[{"count":0,"href":"https:\/\/cdnoticias.com\/index.php\/wp-json\/wp\/v2\/posts\/28761\/revisions"}],"wp:featuredmedia":[{"embeddable":true,"href":"https:\/\/cdnoticias.com\/index.php\/wp-json\/wp\/v2\/media\/28765"}],"wp:attachment":[{"href":"https:\/\/cdnoticias.com\/index.php\/wp-json\/wp\/v2\/media?parent=28761"}],"wp:term":[{"taxonomy":"category","embeddable":true,"href":"https:\/\/cdnoticias.com\/index.php\/wp-json\/wp\/v2\/categories?post=28761"},{"taxonomy":"post_tag","embeddable":true,"href":"https:\/\/cdnoticias.com\/index.php\/wp-json\/wp\/v2\/tags?post=28761"}],"curies":[{"name":"wp","href":"https:\/\/api.w.org\/{rel}","templated":true}]}}