{"id":28756,"date":"2021-08-06T17:27:32","date_gmt":"2021-08-06T20:27:32","guid":{"rendered":"http:\/\/www.centraldenoticias.com.ar\/?p=28756"},"modified":"2021-08-06T17:29:00","modified_gmt":"2021-08-06T20:29:00","slug":"un-hombre-debio-ser-hospitalizado-tras-una-pelea-en-un-taller-metalurgico","status":"publish","type":"post","link":"https:\/\/cdnoticias.com\/index.php\/2021\/08\/06\/un-hombre-debio-ser-hospitalizado-tras-una-pelea-en-un-taller-metalurgico\/","title":{"rendered":"Un hombre debi\u00f3 ser hospitalizado tras una pelea en un taller metal\u00fargico"},"content":{"rendered":"<p>Sucedi\u00f3 en la tarde de este viernes y, seg\u00fan trascendi\u00f3, la v\u00edctima sufri\u00f3 diversos cortes tras haber sido golpeado con un elemento de hierro en la cabeza.<!--more--><\/p>\n<hr \/>\n<p>En la tarde de este viernes un violento episodio tuvo como escenario un taller metal\u00fargico ubicado sobre avenida Pellegrini al 1100, donde en condiciones que son a\u00fan materia de estudio <strong>un hombre result\u00f3 con diversas heridas y cortes en la cabeza.<\/strong><\/p>\n<p>&nbsp;<\/p>\n<p>De acuerdo con lo que logr\u00f3 conocer este portal, todo sucedi\u00f3 minutos antes de las 16 y habr\u00eda sido protagonizado por dos hombres, con el dato no menor que <strong>se habr\u00eda tratado del due\u00f1o del lugar y su empleado, resultando como v\u00edctima este \u00faltimo<\/strong>.<\/p>\n<p>&nbsp;<\/p>\n<p>La versi\u00f3n da cuenta que<strong> la agresi\u00f3n la habr\u00eda realizado con un hierro, con el que en reiteradas veces le habr\u00eda pegado en la cabeza a su empleado<\/strong>, quien debi\u00f3 ser trasladado al Hospital Municipal Doctor H\u00e9ctor Cura, donde recibi\u00f3 diversas curaciones y suturas.<\/p>\n","protected":false},"excerpt":{"rendered":"<p>Sucedi\u00f3 en la tarde de este viernes y, seg\u00fan trascendi\u00f3, la v\u00edctima sufri\u00f3 diversos cortes tras haber sido golpeado con<\/p>\n","protected":false},"author":3,"featured_media":19776,"comment_status":"closed","ping_status":"closed","sticky":false,"template":"","format":"standard","meta":{"_jetpack_memberships_contains_paid_content":false,"footnotes":""},"categories":[14,1],"tags":[],"class_list":["post-28756","post","type-post","status-publish","format-standard","has-post-thumbnail","hentry","category-policiales","category-portada"],"jetpack_featured_media_url":"https:\/\/i0.wp.com\/cdnoticias.com\/wp-content\/uploads\/2021\/04\/Hospital-entrada00-800x445.jpg?fit=800%2C445&ssl=1","jetpack_sharing_enabled":true,"_links":{"self":[{"href":"https:\/\/cdnoticias.com\/index.php\/wp-json\/wp\/v2\/posts\/28756","targetHints":{"allow":["GET"]}}],"collection":[{"href":"https:\/\/cdnoticias.com\/index.php\/wp-json\/wp\/v2\/posts"}],"about":[{"href":"https:\/\/cdnoticias.com\/index.php\/wp-json\/wp\/v2\/types\/post"}],"author":[{"embeddable":true,"href":"https:\/\/cdnoticias.com\/index.php\/wp-json\/wp\/v2\/users\/3"}],"replies":[{"embeddable":true,"href":"https:\/\/cdnoticias.com\/index.php\/wp-json\/wp\/v2\/comments?post=28756"}],"version-history":[{"count":0,"href":"https:\/\/cdnoticias.com\/index.php\/wp-json\/wp\/v2\/posts\/28756\/revisions"}],"wp:featuredmedia":[{"embeddable":true,"href":"https:\/\/cdnoticias.com\/index.php\/wp-json\/wp\/v2\/media\/19776"}],"wp:attachment":[{"href":"https:\/\/cdnoticias.com\/index.php\/wp-json\/wp\/v2\/media?parent=28756"}],"wp:term":[{"taxonomy":"category","embeddable":true,"href":"https:\/\/cdnoticias.com\/index.php\/wp-json\/wp\/v2\/categories?post=28756"},{"taxonomy":"post_tag","embeddable":true,"href":"https:\/\/cdnoticias.com\/index.php\/wp-json\/wp\/v2\/tags?post=28756"}],"curies":[{"name":"wp","href":"https:\/\/api.w.org\/{rel}","templated":true}]}}