{"id":2875,"date":"2020-09-30T17:21:29","date_gmt":"2020-09-30T20:21:29","guid":{"rendered":"http:\/\/www.centraldenoticias.com.ar\/?p=2875"},"modified":"2023-10-23T18:39:55","modified_gmt":"2023-10-23T21:39:55","slug":"la-mesa-de-emergencia-volvio-a-acampar-frente-a-la-municipalidad-le-dimos-tiempo-hasta-hoy","status":"publish","type":"post","link":"https:\/\/cdnoticias.com\/index.php\/2020\/09\/30\/la-mesa-de-emergencia-volvio-a-acampar-frente-a-la-municipalidad-le-dimos-tiempo-hasta-hoy\/","title":{"rendered":"La Mesa de Emergencia volvi\u00f3 a acampar frente a la Municipalidad: \u201cLe dimos tiempo hasta hoy\u201d"},"content":{"rendered":"<p>As\u00ed lo enfatiz\u00f3 en di\u00e1logo con Central de Noticias Daiana Basualdo, una de las manifestantes, quien se\u00f1al\u00f3 que permanecer\u00e1n en el lugar hasta tener una respuesta concreto al reclamo de las familias.<\/p>\n<p><!--more--><\/p>\n<hr \/>\n<p>En el inicio de la tarde de este mi\u00e9rcoles varias agrupaciones locales <strong>volvieron a levantar una carpa frente al palacio municipal San Mart\u00edn en reclamo de respuesta la situaci\u00f3n particular de varias familias locales<\/strong>. Vale recordar que <a href=\"https:\/\/cdnoticias.com\/index.php\/2020\/09\/25\/la-mesa-de-emergencia-profundiza-su-reclamo-en-las-puertas-del-municipio\/\">una protesta de id\u00e9nticas caracter\u00edsticas<\/a> se hizo efectiva la semana pasada y <a href=\"https:\/\/cdnoticias.com\/index.php\/2020\/09\/26\/se-levanto-el-acampe-robbiani-recibio-a-los-manifestantes-y-se-comprometio-a-responder\/\">se levant\u00f3 ante la promesa de respuesta por parte del Ejecutivo local.<\/a><\/p>\n<p>&nbsp;<\/p>\n<p><strong><em>Central de Noticias<\/em><\/strong> se acerc\u00f3 al lugar y dialog\u00f3 con una de las representantes, Daiana Basualdo, quien narr\u00f3 que \u201cRobbiani nos hab\u00eda dicho que le demos tiempo, que levantemos la carpa el viernes y que le demos tiempo hasta hoy mi\u00e9rcoles para que solucionen ellos mismos el problema. <strong>Hasta ahora no han llamado a ninguna de las familias, ni para arreglar el techo, ni para solucionar el tema de la vivienda a las otras chicas. Entonces volvimos a armar la carpa y hasta que no nos den una respuesta no nos vamos a ir\u201d<\/strong>.<\/p>\n<p>&nbsp;<\/p>\n<p><img data-recalc-dims=\"1\" loading=\"lazy\" decoding=\"async\" class=\"alignnone size-large wp-image-2871\" src=\"https:\/\/i0.wp.com\/cdnoticias.com\/wp-content\/uploads\/2020\/09\/carpamesadeemergencia01.jpg?resize=800%2C529&#038;ssl=1\" alt=\"\" width=\"800\" height=\"529\" srcset=\"https:\/\/i0.wp.com\/cdnoticias.com\/wp-content\/uploads\/2020\/09\/carpamesadeemergencia01.jpg?resize=1024%2C677&amp;ssl=1 1024w, https:\/\/i0.wp.com\/cdnoticias.com\/wp-content\/uploads\/2020\/09\/carpamesadeemergencia01.jpg?resize=300%2C198&amp;ssl=1 300w, https:\/\/i0.wp.com\/cdnoticias.com\/wp-content\/uploads\/2020\/09\/carpamesadeemergencia01.jpg?resize=768%2C508&amp;ssl=1 768w, https:\/\/i0.wp.com\/cdnoticias.com\/wp-content\/uploads\/2020\/09\/carpamesadeemergencia01.jpg?w=1152&amp;ssl=1 1152w\" sizes=\"auto, (max-width: 800px) 100vw, 800px\" \/><\/p>\n<p>&nbsp;<\/p>\n<p>En ese sentido, insisti\u00f3 que Diego Robbiani, secretario de Desarrollo Humano y Calidad de Vida, \u201cnos dijo que le demos tiempo hasta hoy. No llam\u00f3 a nadie, no solucion\u00f3 nada, por eso estamos de vuelta ac\u00e1 con la carpa\u201d. <strong>\u201cHay chicas que tienen problemas en el techo de la casa, otra de las chicas necesitaba el subsidio porque est\u00e1n en situaci\u00f3n de calle y otra chica ten\u00eda el desalojo para hoy. Con ninguna de esas familias se comunic\u00f3\u201d, complet\u00f3.<\/strong><\/p>\n<p>&nbsp;<\/p>\n<p>Sobre la continuidad del reclamo explic\u00f3 que <strong>\u201cvamos a esperar a ver si nos dan una respuesta. Ya le dimos el tiempo hasta hoy para ver si cumpl\u00edan con la promesa, pero no han hecho nada. Vamos a ver si ma\u00f1ana a la ma\u00f1ana nos dan otra respuesta m\u00e1s concreta\u201d<\/strong>, a medida que daba cuenta que del reclamo, adem\u00e1s de la Mesa de Emergencia, tambi\u00e9n son parte la agrupaci\u00f3n 29 de Mayo y Barrios de Pie.<\/p>\n<p>&nbsp;<\/p>\n<p><img data-recalc-dims=\"1\" loading=\"lazy\" decoding=\"async\" class=\"alignnone size-large wp-image-2872\" src=\"https:\/\/i0.wp.com\/cdnoticias.com\/wp-content\/uploads\/2020\/09\/carpamesadeemergencia02.jpg?resize=800%2C623&#038;ssl=1\" alt=\"\" width=\"800\" height=\"623\" srcset=\"https:\/\/i0.wp.com\/cdnoticias.com\/wp-content\/uploads\/2020\/09\/carpamesadeemergencia02.jpg?resize=1024%2C797&amp;ssl=1 1024w, https:\/\/i0.wp.com\/cdnoticias.com\/wp-content\/uploads\/2020\/09\/carpamesadeemergencia02.jpg?resize=300%2C233&amp;ssl=1 300w, https:\/\/i0.wp.com\/cdnoticias.com\/wp-content\/uploads\/2020\/09\/carpamesadeemergencia02.jpg?resize=768%2C598&amp;ssl=1 768w, https:\/\/i0.wp.com\/cdnoticias.com\/wp-content\/uploads\/2020\/09\/carpamesadeemergencia02.jpg?w=1068&amp;ssl=1 1068w\" sizes=\"auto, (max-width: 800px) 100vw, 800px\" \/><\/p>\n<p>&nbsp;<\/p>\n<p>Por otra parte, tambi\u00e9n en el inicio de la tarde de este martes desde la Mesa de Emergencia se envi\u00f3 un duro comunicado explicando los motivos del regreso de la carpa. \u201c<strong>No nos vamos m\u00e1s por promesas , nos vamos por hechos concretos y consumados! Se termin\u00f3 el tiempo de la paciencia y la espera, demasiado paciencia venimos teniendo en Olavarr\u00eda, comerciantes, familias vulnerables, motomandados, personal de salud, etc etc etc\u201d<\/strong>, se subray\u00f3 en un apartado del escrito.<\/p>\n<p>&nbsp;<\/p>\n<p>\u201cTe invitamos a que te sumes, porque juntos podemos ponerle fin a la tolerancia y la paciencia que venimos teniendo, de esperar a un ma\u00f1ana por creer en promesas de soluciones y ayudas. <strong>Estamos defendi\u00e9ndonos, cuid\u00e1ndonos y organiz\u00e1ndonos entre nosotros y vos, podes ser parte. Hay que empezar a movernos ya!!<\/strong>\u201d, concluyeron.<\/p>\n","protected":false},"excerpt":{"rendered":"<p>As\u00ed lo enfatiz\u00f3 en di\u00e1logo con Central de Noticias Daiana Basualdo, una de las manifestantes, quien se\u00f1al\u00f3 que permanecer\u00e1n en<\/p>\n","protected":false},"author":3,"featured_media":2874,"comment_status":"closed","ping_status":"closed","sticky":false,"template":"","format":"standard","meta":{"_jetpack_memberships_contains_paid_content":false,"footnotes":""},"categories":[5],"tags":[],"class_list":["post-2875","post","type-post","status-publish","format-standard","has-post-thumbnail","hentry","category-informacion-general"],"jetpack_featured_media_url":"https:\/\/i0.wp.com\/cdnoticias.com\/wp-content\/uploads\/2020\/09\/carpamesadeemergencia04.jpg?fit=1152%2C864&ssl=1","jetpack_sharing_enabled":true,"_links":{"self":[{"href":"https:\/\/cdnoticias.com\/index.php\/wp-json\/wp\/v2\/posts\/2875","targetHints":{"allow":["GET"]}}],"collection":[{"href":"https:\/\/cdnoticias.com\/index.php\/wp-json\/wp\/v2\/posts"}],"about":[{"href":"https:\/\/cdnoticias.com\/index.php\/wp-json\/wp\/v2\/types\/post"}],"author":[{"embeddable":true,"href":"https:\/\/cdnoticias.com\/index.php\/wp-json\/wp\/v2\/users\/3"}],"replies":[{"embeddable":true,"href":"https:\/\/cdnoticias.com\/index.php\/wp-json\/wp\/v2\/comments?post=2875"}],"version-history":[{"count":0,"href":"https:\/\/cdnoticias.com\/index.php\/wp-json\/wp\/v2\/posts\/2875\/revisions"}],"wp:featuredmedia":[{"embeddable":true,"href":"https:\/\/cdnoticias.com\/index.php\/wp-json\/wp\/v2\/media\/2874"}],"wp:attachment":[{"href":"https:\/\/cdnoticias.com\/index.php\/wp-json\/wp\/v2\/media?parent=2875"}],"wp:term":[{"taxonomy":"category","embeddable":true,"href":"https:\/\/cdnoticias.com\/index.php\/wp-json\/wp\/v2\/categories?post=2875"},{"taxonomy":"post_tag","embeddable":true,"href":"https:\/\/cdnoticias.com\/index.php\/wp-json\/wp\/v2\/tags?post=2875"}],"curies":[{"name":"wp","href":"https:\/\/api.w.org\/{rel}","templated":true}]}}