{"id":28733,"date":"2021-08-06T15:43:12","date_gmt":"2021-08-06T18:43:12","guid":{"rendered":"http:\/\/www.centraldenoticias.com.ar\/?p=28733"},"modified":"2021-08-06T16:38:39","modified_gmt":"2021-08-06T19:38:39","slug":"mujeres-sindicalistas-de-olavarria-y-la-zona-se-reunieron-con-la-ministra-estela-diaz","status":"publish","type":"post","link":"https:\/\/cdnoticias.com\/index.php\/2021\/08\/06\/mujeres-sindicalistas-de-olavarria-y-la-zona-se-reunieron-con-la-ministra-estela-diaz\/","title":{"rendered":"Mujeres sindicalistas de Olavarr\u00eda y la zona se reunieron con la ministra Estela D\u00edaz"},"content":{"rendered":"<p>Estela Peralta de SUTERYH y Viviana G\u00f3mez del CECO estuvieron en el encuentro. La lucha contra las desigualdades que sufren las mujeres y diversidades en el \u00e1mbito laboral y sindical. El objetivo: \u201clograr una real equidad\u201d dijeron.<!--more--><\/p>\n<hr \/>\n<p><a href=\"https:\/\/cdnoticias.com\/index.php\/2021\/08\/03\/estela-diaz-el-exito-es-acercar-una-herramienta-que-se-necesita\/\" target=\"_blank\" rel=\"noopener\">En el marco de su visita a Olavarr\u00eda el d\u00eda martes<\/a>, <strong>la ministra de Mujeres, Pol\u00edticas de G\u00e9nero y Diversidad Sexual de la Provincia de Buenos Aires, Estela D\u00edaz, mantuvo un encuentro con mujeres sindicalistas de la zona<\/strong>.<\/p>\n<p>&nbsp;<\/p>\n<p>La reuni\u00f3n se llev\u00f3 a cabo <strong>en la sede del Centro Empleados de Comercio (CECO)<\/strong> donde <em>la apertura estuvo a cargo de la secretaria de Acci\u00f3n Social Mutualismo, Cooperativismo y Departamento de la Mujer del CECO<\/em>, <strong>Viviana G\u00f3mez<\/strong>. Participaron alrededor de <strong>30 mujeres<\/strong>, dirigentes sindicales, de<em> Olavarr\u00eda, Tandil, Azul y La Madrid<\/em> entre otros distritos.<\/p>\n<p>&nbsp;<\/p>\n<p><img data-recalc-dims=\"1\" loading=\"lazy\" decoding=\"async\" class=\"size-full wp-image-28734 aligncenter\" src=\"https:\/\/i0.wp.com\/cdnoticias.com\/wp-content\/uploads\/2021\/08\/estela-diaz-sindicatos-00.jpg?resize=800%2C446&#038;ssl=1\" alt=\"\" width=\"800\" height=\"446\" srcset=\"https:\/\/i0.wp.com\/cdnoticias.com\/wp-content\/uploads\/2021\/08\/estela-diaz-sindicatos-00.jpg?w=800&amp;ssl=1 800w, https:\/\/i0.wp.com\/cdnoticias.com\/wp-content\/uploads\/2021\/08\/estela-diaz-sindicatos-00.jpg?resize=300%2C167&amp;ssl=1 300w, https:\/\/i0.wp.com\/cdnoticias.com\/wp-content\/uploads\/2021\/08\/estela-diaz-sindicatos-00.jpg?resize=768%2C428&amp;ssl=1 768w\" sizes=\"auto, (max-width: 800px) 100vw, 800px\" \/><\/p>\n<p>&nbsp;<\/p>\n<blockquote><p>\u201cTuvimos el placer de escuchar a Estela D\u00edaz, nuestra ministra del Ministerio de Mujeres. Para nosotras siempre es un incentivo, ella viene tambi\u00e9n del sindicalismo, igual que Claudia L\u00e1zaro, que viene de Curtidores, y es la directora de Pol\u00edtica de G\u00e9neros\u201d cont\u00f3 la secretaria adjunta de SUTERYH Regi\u00f3n centro bonaerense, Estela Peralta, a <strong>Central de Noticias<\/strong>.<\/p><\/blockquote>\n<p>&nbsp;<\/p>\n<p>Valor\u00f3 el contacto con la ministra: \u201c<strong>siempre necesitamos esa palabra de aliento<\/strong> de parte de Estela y Claudia, para seguir trabajando y luchando por esta clase obrera, pero principalmente de mujeres, y como dirigente y delegada, nos viene muy bien\u201d.<\/p>\n<p>&nbsp;<\/p>\n<p><img data-recalc-dims=\"1\" loading=\"lazy\" decoding=\"async\" class=\"size-full wp-image-28737 aligncenter\" src=\"https:\/\/i0.wp.com\/cdnoticias.com\/wp-content\/uploads\/2021\/08\/estela-diaz-sindicatos.jpg?resize=800%2C445&#038;ssl=1\" alt=\"\" width=\"800\" height=\"445\" srcset=\"https:\/\/i0.wp.com\/cdnoticias.com\/wp-content\/uploads\/2021\/08\/estela-diaz-sindicatos.jpg?w=800&amp;ssl=1 800w, https:\/\/i0.wp.com\/cdnoticias.com\/wp-content\/uploads\/2021\/08\/estela-diaz-sindicatos.jpg?resize=300%2C167&amp;ssl=1 300w, https:\/\/i0.wp.com\/cdnoticias.com\/wp-content\/uploads\/2021\/08\/estela-diaz-sindicatos.jpg?resize=768%2C427&amp;ssl=1 768w\" sizes=\"auto, (max-width: 800px) 100vw, 800px\" \/><\/p>\n<p>&nbsp;<\/p>\n<p>Las participantes de la reuni\u00f3n forman tambi\u00e9n parte de la <strong>Mesa Intersindical contra la Violencia y Discriminaci\u00f3n Laboral y del Nodo<\/strong> que desde hace un par de a\u00f1os se form\u00f3 en Olavarr\u00eda y la regi\u00f3n. A trav\u00e9s de esta entidad, se mantienen habituales contactos con la ministra D\u00edaz y su equipo del \u00e1rea de Mujeres.<\/p>\n<p>&nbsp;<\/p>\n<p>Tambi\u00e9n Viviana G\u00f3mez habl\u00f3 con <strong>Central de Noticias<\/strong> tras la reuni\u00f3n. \u201cRealmente fue un placer poder contar con la presencia de la ministra y la directora de Equidad Laboral con quienes ven\u00edamos trabajando. Poder estar de forma presencial y que <strong>vinieran las compa\u00f1eras de la regi\u00f3n, para seguir trabajando en red<\/strong>\u201d destac\u00f3.<\/p>\n<p>&nbsp;<\/p>\n<blockquote><p>Del encuentro surgi\u00f3 un cambio: se ampli\u00f3 la base de trabajo de la Mesa. \u201cLo ven\u00edamos haciendo contra la violencia laboral, bueno nos propusimos hacerlo por todas las desigualdades que sufren las mujeres y diversidades en el \u00e1mbito laboral y sindical para trabajar unidas a fin de lograr una real equidad\u201d indic\u00f3 la dirigente del CECO.<\/p><\/blockquote>\n<p>&nbsp;<\/p>\n<p><img data-recalc-dims=\"1\" loading=\"lazy\" decoding=\"async\" class=\"size-full wp-image-28736 aligncenter\" src=\"https:\/\/i0.wp.com\/cdnoticias.com\/wp-content\/uploads\/2021\/08\/estela-diaz-sindicatos-02.jpg?resize=800%2C445&#038;ssl=1\" alt=\"\" width=\"800\" height=\"445\" srcset=\"https:\/\/i0.wp.com\/cdnoticias.com\/wp-content\/uploads\/2021\/08\/estela-diaz-sindicatos-02.jpg?w=800&amp;ssl=1 800w, https:\/\/i0.wp.com\/cdnoticias.com\/wp-content\/uploads\/2021\/08\/estela-diaz-sindicatos-02.jpg?resize=300%2C167&amp;ssl=1 300w, https:\/\/i0.wp.com\/cdnoticias.com\/wp-content\/uploads\/2021\/08\/estela-diaz-sindicatos-02.jpg?resize=768%2C427&amp;ssl=1 768w\" sizes=\"auto, (max-width: 800px) 100vw, 800px\" \/><\/p>\n<p>&nbsp;<\/p>\n<p>Las mujeres reunidas reafirmaron su compromiso. \u201cRealmente es un objetivo pendiente <strong>lograr m\u00e1s participaci\u00f3n de las trabajadoras<\/strong>. En los gremios, que son \u00e1mbitos machistas y patriarcales, estamos tratando de abrirlos para que m\u00e1s compa\u00f1eras se acerquen a participar y <strong>lograr la igualdad<\/strong>\u201d dijo Viviana G\u00f3mez.<\/p>\n<p>&nbsp;<\/p>\n<p><strong>\u201cNo basta solamente el cupo, necesitamos la igualdad y la paridad\u201d<\/strong> subray\u00f3 la secretaria adjunta de SUTERYH para a\u00f1adir \u201ctambi\u00e9n el compromiso de los compa\u00f1eros, de poder darnos el espacio. No solamente estamos para organizar sino para<strong> la acci\u00f3n y tomar decisiones<\/strong>. Esa es la lucha de las mujeres y dirigentes sindicalistas\u201d cerr\u00f3 Estela Peralta.<\/p>\n","protected":false},"excerpt":{"rendered":"<p>Estela Peralta de SUTERYH y Viviana G\u00f3mez del CECO estuvieron en el encuentro. La lucha contra las desigualdades que sufren<\/p>\n","protected":false},"author":4,"featured_media":28735,"comment_status":"closed","ping_status":"closed","sticky":false,"template":"","format":"standard","meta":{"_jetpack_memberships_contains_paid_content":false,"footnotes":""},"categories":[3,1],"tags":[],"class_list":["post-28733","post","type-post","status-publish","format-standard","has-post-thumbnail","hentry","category-genero","category-portada"],"jetpack_featured_media_url":"https:\/\/i0.wp.com\/cdnoticias.com\/wp-content\/uploads\/2021\/08\/estela-diaz-sindicatos-01.jpg?fit=800%2C446&ssl=1","jetpack_sharing_enabled":true,"_links":{"self":[{"href":"https:\/\/cdnoticias.com\/index.php\/wp-json\/wp\/v2\/posts\/28733","targetHints":{"allow":["GET"]}}],"collection":[{"href":"https:\/\/cdnoticias.com\/index.php\/wp-json\/wp\/v2\/posts"}],"about":[{"href":"https:\/\/cdnoticias.com\/index.php\/wp-json\/wp\/v2\/types\/post"}],"author":[{"embeddable":true,"href":"https:\/\/cdnoticias.com\/index.php\/wp-json\/wp\/v2\/users\/4"}],"replies":[{"embeddable":true,"href":"https:\/\/cdnoticias.com\/index.php\/wp-json\/wp\/v2\/comments?post=28733"}],"version-history":[{"count":0,"href":"https:\/\/cdnoticias.com\/index.php\/wp-json\/wp\/v2\/posts\/28733\/revisions"}],"wp:featuredmedia":[{"embeddable":true,"href":"https:\/\/cdnoticias.com\/index.php\/wp-json\/wp\/v2\/media\/28735"}],"wp:attachment":[{"href":"https:\/\/cdnoticias.com\/index.php\/wp-json\/wp\/v2\/media?parent=28733"}],"wp:term":[{"taxonomy":"category","embeddable":true,"href":"https:\/\/cdnoticias.com\/index.php\/wp-json\/wp\/v2\/categories?post=28733"},{"taxonomy":"post_tag","embeddable":true,"href":"https:\/\/cdnoticias.com\/index.php\/wp-json\/wp\/v2\/tags?post=28733"}],"curies":[{"name":"wp","href":"https:\/\/api.w.org\/{rel}","templated":true}]}}