{"id":28727,"date":"2021-08-06T13:05:55","date_gmt":"2021-08-06T16:05:55","guid":{"rendered":"http:\/\/www.centraldenoticias.com.ar\/?p=28727"},"modified":"2021-08-06T15:43:29","modified_gmt":"2021-08-06T18:43:29","slug":"galli-envio-el-proyecto-de-licitacion-del-transporte-interurbano-al-hcd","status":"publish","type":"post","link":"https:\/\/cdnoticias.com\/index.php\/2021\/08\/06\/galli-envio-el-proyecto-de-licitacion-del-transporte-interurbano-al-hcd\/","title":{"rendered":"Galli envi\u00f3 el proyecto de licitaci\u00f3n del transporte interurbano al HCD"},"content":{"rendered":"<p>Fue en la ma\u00f1ana de este viernes. De esta manera, se ratifica el llamado a licitaci\u00f3n p\u00fablica para renovar la concesi\u00f3n del transporte p\u00fablico interurbano.<!--more--><\/p>\n<hr \/>\n<p><strong>El intendente municipal Ezequiel Galli firm\u00f3, en la ma\u00f1ana de este viernes, el proyecto de ordenanza que autoriza al Departamento Ejecutivo Municipal para llamar a licitaci\u00f3n p\u00fablica a la nueva concesi\u00f3n del transporte p\u00fablico interurbano.<\/strong><\/p>\n<p>&nbsp;<\/p>\n<blockquote><p>Tras la r\u00fabrica del jefe comunal, el proyecto fue enviado al Honorable Concejo Deliberante de Olavarr\u00eda para su tratamiento.<\/p><\/blockquote>\n<p>&nbsp;<\/p>\n<p>Cabe recordar que <strong>en marzo del corriente a\u00f1o se cre\u00f3 la Comisi\u00f3n Ad Hoc de Transporte Interurbano conformada por miembros del Departamento Ejecutivo y concejales de diversas fuerzas pol\u00edticas.<\/strong><\/p>\n<p>&nbsp;<\/p>\n<p>El Subsecretario de Gobierno Emilio Vitale explic\u00f3: <em>\u201ctrabajamos sobre tres principios: continuidad del servicio a partir del 1 de mayo de 2022, mejorar las condiciones de la prestaci\u00f3n y continuidad laboral de la plantilla de choferes. Estos puntos pudimos consensuar con los concejales de las distintas fuerzas pol\u00edticas\u201d.<\/em><\/p>\n<p>&nbsp;<\/p>\n<p>Finalmente, Vitale resalt\u00f3:<em> \u201cestamos cumpliendo con lo anunciado por el intendente Ezequiel Galli en la apertura de sesiones ordinarias del ciclo 2021\u201d. \u00a0<\/em><\/p>\n","protected":false},"excerpt":{"rendered":"<p>Fue en la ma\u00f1ana de este viernes. De esta manera, se ratifica el llamado a licitaci\u00f3n p\u00fablica para renovar la<\/p>\n","protected":false},"author":2,"featured_media":28730,"comment_status":"closed","ping_status":"closed","sticky":false,"template":"","format":"standard","meta":{"_jetpack_memberships_contains_paid_content":false,"footnotes":""},"categories":[5,1],"tags":[],"class_list":["post-28727","post","type-post","status-publish","format-standard","has-post-thumbnail","hentry","category-informacion-general","category-portada"],"jetpack_featured_media_url":"https:\/\/i0.wp.com\/cdnoticias.com\/wp-content\/uploads\/2021\/08\/Firma-Llamado-Licitacion-Publica-Transporte-1024x685.jpg?fit=1024%2C626&ssl=1","jetpack_sharing_enabled":true,"_links":{"self":[{"href":"https:\/\/cdnoticias.com\/index.php\/wp-json\/wp\/v2\/posts\/28727","targetHints":{"allow":["GET"]}}],"collection":[{"href":"https:\/\/cdnoticias.com\/index.php\/wp-json\/wp\/v2\/posts"}],"about":[{"href":"https:\/\/cdnoticias.com\/index.php\/wp-json\/wp\/v2\/types\/post"}],"author":[{"embeddable":true,"href":"https:\/\/cdnoticias.com\/index.php\/wp-json\/wp\/v2\/users\/2"}],"replies":[{"embeddable":true,"href":"https:\/\/cdnoticias.com\/index.php\/wp-json\/wp\/v2\/comments?post=28727"}],"version-history":[{"count":0,"href":"https:\/\/cdnoticias.com\/index.php\/wp-json\/wp\/v2\/posts\/28727\/revisions"}],"wp:featuredmedia":[{"embeddable":true,"href":"https:\/\/cdnoticias.com\/index.php\/wp-json\/wp\/v2\/media\/28730"}],"wp:attachment":[{"href":"https:\/\/cdnoticias.com\/index.php\/wp-json\/wp\/v2\/media?parent=28727"}],"wp:term":[{"taxonomy":"category","embeddable":true,"href":"https:\/\/cdnoticias.com\/index.php\/wp-json\/wp\/v2\/categories?post=28727"},{"taxonomy":"post_tag","embeddable":true,"href":"https:\/\/cdnoticias.com\/index.php\/wp-json\/wp\/v2\/tags?post=28727"}],"curies":[{"name":"wp","href":"https:\/\/api.w.org\/{rel}","templated":true}]}}