{"id":28719,"date":"2021-08-06T12:43:08","date_gmt":"2021-08-06T15:43:08","guid":{"rendered":"http:\/\/www.centraldenoticias.com.ar\/?p=28719"},"modified":"2021-08-06T12:43:08","modified_gmt":"2021-08-06T15:43:08","slug":"candidatos-del-radicalismo-recorrieron-la-localidad-de-hinojo","status":"publish","type":"post","link":"https:\/\/cdnoticias.com\/index.php\/2021\/08\/06\/candidatos-del-radicalismo-recorrieron-la-localidad-de-hinojo\/","title":{"rendered":"Candidatos del radicalismo recorrieron la localidad de Hinojo"},"content":{"rendered":"<p>Bel\u00e9n Vergel y Sebasti\u00e1n Matrella, de la lista \u201cDar el Paso\u201d recorrieron la localidad y dialogaron con sus vecinos. Continuaron informando sobre la redistribuci\u00f3n del Impuesto a la Piedra.\u00a0<!--more--><\/p>\n<hr \/>\n<p>En el marco de la campa\u00f1a y las PASO que tendr\u00e1 el Frente Juntos en Olavarr\u00eda,<strong> los precandidatos locales de \u201cDar el Paso\u201d recorrieron con vecinos de Hinojo.<\/strong> Adem\u00e1s de varias visitas, el objetivo se centr\u00f3 en continuar con la informaci\u00f3n sobre el proyecto de redistribuci\u00f3n del Impuesto a la Piedra, con beneficio en las localidades.<\/p>\n<p>&nbsp;<\/p>\n<p><strong>Bel\u00e9n Vergel y Sebasti\u00e1n Matrella<\/strong> dialogaron con vecinos e <em>\u201cintentaron dar respuesta a las diversas problem\u00e1ticas con las que se encuentran\u201d.<\/em> Estuvieron acompa\u00f1ados por militantes y precandidatos de la misma lista.<\/p>\n<p>&nbsp;<\/p>\n<p><img data-recalc-dims=\"1\" loading=\"lazy\" decoding=\"async\" class=\"alignnone size-large wp-image-28720\" src=\"https:\/\/i0.wp.com\/cdnoticias.com\/wp-content\/uploads\/2021\/08\/WhatsApp-Image-2021-08-05-at-11.28.56-PM.jpeg?resize=800%2C510&#038;ssl=1\" alt=\"\" width=\"800\" height=\"510\" srcset=\"https:\/\/i0.wp.com\/cdnoticias.com\/wp-content\/uploads\/2021\/08\/WhatsApp-Image-2021-08-05-at-11.28.56-PM.jpeg?resize=1024%2C653&amp;ssl=1 1024w, https:\/\/i0.wp.com\/cdnoticias.com\/wp-content\/uploads\/2021\/08\/WhatsApp-Image-2021-08-05-at-11.28.56-PM.jpeg?resize=300%2C191&amp;ssl=1 300w, https:\/\/i0.wp.com\/cdnoticias.com\/wp-content\/uploads\/2021\/08\/WhatsApp-Image-2021-08-05-at-11.28.56-PM.jpeg?resize=768%2C490&amp;ssl=1 768w, https:\/\/i0.wp.com\/cdnoticias.com\/wp-content\/uploads\/2021\/08\/WhatsApp-Image-2021-08-05-at-11.28.56-PM.jpeg?w=1199&amp;ssl=1 1199w\" sizes=\"auto, (max-width: 800px) 100vw, 800px\" \/><\/p>\n<p>&nbsp;<\/p>\n<p>En la \u201cCasa de Juan \u00c1ngel Bardi\u201d fueron recibidos por Agust\u00edn, tataranieto de qui\u00e9n fuera el fundador de Hinojo, qui\u00e9n adem\u00e1s de mostrarles la propiedad<strong> cont\u00f3 la historia que hay detr\u00e1s de esa casa, y la importancia que tiene para su familia. Tambi\u00e9n explic\u00f3 en detalle <em>\u201clo dif\u00edcil y costoso que es su mantenimiento, y la pena que les significa que actualmente no sea aprovechada como una atracci\u00f3n tur\u00edstica\u201d.<\/em><\/strong><\/p>\n<p>&nbsp;<\/p>\n<blockquote><p>En la Biblioteca Sarmiento tambi\u00e9n pudieron conocer en detalle el estado y la situaci\u00f3n que atraviesan, donde alrededor de 200 socios hacen posible que tan bello edificio pueda conservarse en muy buenas condiciones, y tambi\u00e9n renovar la gran cantidad de libros que posee.<\/p><\/blockquote>\n<p>&nbsp;<\/p>\n<p>Seg\u00fan Bel\u00e9n Vergel \u201c<em>si bien no es la primera vez que visitamos estos lugares e instituciones de Hinojo, siempre es oportuno estar al tanto de c\u00f3mo se desenvuelven en la actualidad. Al mismo tiempo, y al igual que en las otras localidades que visitamos, tenemos una excelente recepci\u00f3n del proyecto presentado por el Concejal Mart\u00edn Lastape, y notamos cierta expectativa por conocer si se convertir\u00e1 en una realidad que les modifique su calidad de vida.<strong> Queremos acercarnos, estar y conocer lo que le sucede a nuestros vecinos y tratar de generar soluciones a los inconvenientes que se les presentan<\/strong>\u201d.<\/em><\/p>\n","protected":false},"excerpt":{"rendered":"<p>Bel\u00e9n Vergel y Sebasti\u00e1n Matrella, de la lista \u201cDar el Paso\u201d recorrieron la localidad y dialogaron con sus vecinos. Continuaron<\/p>\n","protected":false},"author":2,"featured_media":28721,"comment_status":"closed","ping_status":"closed","sticky":false,"template":"","format":"standard","meta":{"_jetpack_memberships_contains_paid_content":false,"footnotes":""},"categories":[4,1],"tags":[],"class_list":["post-28719","post","type-post","status-publish","format-standard","has-post-thumbnail","hentry","category-politica","category-portada"],"jetpack_featured_media_url":"https:\/\/i0.wp.com\/cdnoticias.com\/wp-content\/uploads\/2021\/08\/WhatsApp-Image-2021-08-05-at-11.28.55-PM.jpeg?fit=1200%2C782&ssl=1","jetpack_sharing_enabled":true,"_links":{"self":[{"href":"https:\/\/cdnoticias.com\/index.php\/wp-json\/wp\/v2\/posts\/28719","targetHints":{"allow":["GET"]}}],"collection":[{"href":"https:\/\/cdnoticias.com\/index.php\/wp-json\/wp\/v2\/posts"}],"about":[{"href":"https:\/\/cdnoticias.com\/index.php\/wp-json\/wp\/v2\/types\/post"}],"author":[{"embeddable":true,"href":"https:\/\/cdnoticias.com\/index.php\/wp-json\/wp\/v2\/users\/2"}],"replies":[{"embeddable":true,"href":"https:\/\/cdnoticias.com\/index.php\/wp-json\/wp\/v2\/comments?post=28719"}],"version-history":[{"count":0,"href":"https:\/\/cdnoticias.com\/index.php\/wp-json\/wp\/v2\/posts\/28719\/revisions"}],"wp:featuredmedia":[{"embeddable":true,"href":"https:\/\/cdnoticias.com\/index.php\/wp-json\/wp\/v2\/media\/28721"}],"wp:attachment":[{"href":"https:\/\/cdnoticias.com\/index.php\/wp-json\/wp\/v2\/media?parent=28719"}],"wp:term":[{"taxonomy":"category","embeddable":true,"href":"https:\/\/cdnoticias.com\/index.php\/wp-json\/wp\/v2\/categories?post=28719"},{"taxonomy":"post_tag","embeddable":true,"href":"https:\/\/cdnoticias.com\/index.php\/wp-json\/wp\/v2\/tags?post=28719"}],"curies":[{"name":"wp","href":"https:\/\/api.w.org\/{rel}","templated":true}]}}