{"id":28697,"date":"2021-08-06T10:31:05","date_gmt":"2021-08-06T13:31:05","guid":{"rendered":"http:\/\/www.centraldenoticias.com.ar\/?p=28697"},"modified":"2021-08-06T10:42:36","modified_gmt":"2021-08-06T13:42:36","slug":"la-union-industrial-presente-en-el-encuentro-con-autoridades-provinciales","status":"publish","type":"post","link":"https:\/\/cdnoticias.com\/index.php\/2021\/08\/06\/la-union-industrial-presente-en-el-encuentro-con-autoridades-provinciales\/","title":{"rendered":"La Uni\u00f3n Industrial, presente en el encuentro con autoridades provinciales"},"content":{"rendered":"<p>Tambi\u00e9n formaron parte varios sectores productivos de la ciudad. Pedidos al Banco Provincia y solicitudes de dinamizaci\u00f3n de \u201ccalificaci\u00f3n financiera\u201d de las empresas.\u00a0<!--more--><\/p>\n<hr \/>\n<p>El pasado jueves<strong> la Uni\u00f3n Industrial de Olavarr\u00eda form\u00f3 parte de la reuni\u00f3n con autoridades provinciales y sectores productivos de la ciudad, donde plantearon algunas situaciones del sector, adem\u00e1s de poner sobre la mesa algunas propuestas para mejorar la relaci\u00f3n entre los sectores y el gobierno bonaerense.<\/strong><\/p>\n<p>&nbsp;<\/p>\n<p>Adem\u00e1s de<a href=\"https:\/\/cdnoticias.com\/index.php\/2021\/08\/05\/importante-reunion-del-sector-productivo-local-con-funcionarios-provinciales\/\" target=\"_blank\" rel=\"noopener\"> las autoridades encabezadas por Federico Aguilera, subsecretario de Miner\u00eda<\/a>,<strong> por la Uni\u00f3n Industrial particip\u00f3 el presidente de la entidad, C\u00e9sar Longo,<\/strong> acompa\u00f1ado del secretario, Sergio Corso; Mauro Vecchio, tesorero; Vanesa Andreis, encargada de Relaciones Institucionales; Mario Giacomaso, representante del departamento de Transformaci\u00f3n Digital y Modernizaci\u00f3n; Hern\u00e1n Parra y Marianela Dal Mol\u00edn, integrantes de la comisi\u00f3n directiva; Micaela Lenzetti, encargada del departamento de Miner\u00eda; Jorge Sobarzo e Ignacio Spinela, representantes del departamento de Parques Industriales y Tom\u00e1s Barbieri, normalizador de la Asociaci\u00f3n del Parque Industrial.<\/p>\n<p>&nbsp;<\/p>\n<p>En la reuni\u00f3n el sector industrial plante\u00f3 <strong><em>\u201clas dificultades y obst\u00e1culos que hoy tienen las Pymes de nuestra ciudad respecto al acceso a las l\u00edneas de cr\u00e9dito que ofrece el Banco Provincia, al mismo tiempo se solicit\u00f3 que se dinamice la calificaci\u00f3n financiera de las empresas, ya que la metodolog\u00eda de trabajo de la sucursal es lenta y deficiente\u201d<\/em> <\/strong>tema que ya fue planteado en reiteradas ocasiones por la entidad.<\/p>\n<p>&nbsp;<\/p>\n<blockquote><p>Adem\u00e1s, se solicit\u00f3 trasladar la gerencia regional Pyme del banco a Olavarr\u00eda para agilizar los tr\u00e1mites. \u201cEl presidente, C\u00e9sar Longo, agradeci\u00f3 a las autoridades la oportunidad de ser escuchados y dar respuesta mediante acciones\u201d indicaron.<\/p><\/blockquote>\n<p>&nbsp;<\/p>\n<p>Otra de las problem\u00e1ticas planteada por el departamento de Parques Industriales fue <strong><em>\u201cla falta de regularizaci\u00f3n de las escrituras en las propiedades dentro de estos predios que dificulta no s\u00f3lo el acceso a pr\u00e9stamos o beneficios del sector, sino que, adem\u00e1s, pesa sobre los propietarios la incertidumbre sobre la documentaci\u00f3n leg\u00edtima de su patrimonio y el temor a la p\u00e9rdida de la inversi\u00f3n realizada\u201d.<\/em><\/strong><\/p>\n<p>&nbsp;<\/p>\n<blockquote><p>\u201cSe remarc\u00f3 lo necesario de generar puestos de trabajo, a trav\u00e9s de las inversiones, que en nuestra econom\u00eda local reactivar\u00eda la econom\u00eda desde lo comercial, dado que son nuestros empleados los que compran nuestros productos&#8221;.<\/p><\/blockquote>\n<p>&nbsp;<\/p>\n<p>Por otro lado, Marianela Dal Mol\u00edn se expres\u00f3 sobre la necesidad de<strong> liberar la importaci\u00f3n de camiones al pa\u00eds y de neum\u00e1ticos para cargas y el agro<\/strong>, ya que esto no s\u00f3lo ocasiona perjuicio econ\u00f3mico, sino que tambi\u00e9n<em> \u201cexiste un riesgo enorme porque obliga a los usuarios a reparar las unidades que se da\u00f1an, y esta acci\u00f3n -que se repite en muchos veh\u00edculos- puede generar inconvenientes en la seguridad vial\u201d.<\/em><\/p>\n<p>&nbsp;<\/p>\n<p>Al mismo tiempo, Vanesa Andreis subray\u00f3 sobre <strong>la dificultad de las empresas para acceder a las herramientas crediticias dada que la atenci\u00f3n y la celeridad de la calificaci\u00f3n de las carpetas no es id\u00f3nea.<\/strong> Adem\u00e1s plante<em>\u00f3 \u201cla necesidad de herramientas que permitan a las empresas no dudar a la hora de aumentar la n\u00f3mina de recursos humanos, que se har\u00e1 necesaria para la puesta en marcha de la provincia que se propone desde las autoridades dada la reactivaci\u00f3n generada por las herramientas e impulsos que se ha dado desde la gobernaci\u00f3n\u201d.<\/em><\/p>\n<p>&nbsp;<\/p>\n<p><img data-recalc-dims=\"1\" loading=\"lazy\" decoding=\"async\" class=\"alignnone size-large wp-image-28700\" src=\"https:\/\/i0.wp.com\/cdnoticias.com\/wp-content\/uploads\/2021\/08\/E8D4ckkXEAIPD-P.jpg?resize=800%2C534&#038;ssl=1\" alt=\"\" width=\"800\" height=\"534\" srcset=\"https:\/\/i0.wp.com\/cdnoticias.com\/wp-content\/uploads\/2021\/08\/E8D4ckkXEAIPD-P.jpg?resize=1024%2C683&amp;ssl=1 1024w, https:\/\/i0.wp.com\/cdnoticias.com\/wp-content\/uploads\/2021\/08\/E8D4ckkXEAIPD-P.jpg?resize=300%2C200&amp;ssl=1 300w, https:\/\/i0.wp.com\/cdnoticias.com\/wp-content\/uploads\/2021\/08\/E8D4ckkXEAIPD-P.jpg?resize=768%2C512&amp;ssl=1 768w, https:\/\/i0.wp.com\/cdnoticias.com\/wp-content\/uploads\/2021\/08\/E8D4ckkXEAIPD-P.jpg?resize=272%2C182&amp;ssl=1 272w, https:\/\/i0.wp.com\/cdnoticias.com\/wp-content\/uploads\/2021\/08\/E8D4ckkXEAIPD-P.jpg?w=1599&amp;ssl=1 1599w\" sizes=\"auto, (max-width: 800px) 100vw, 800px\" \/><\/p>\n<p>&nbsp;<\/p>\n<p>En una activa participaci\u00f3n de la entidad, Mario Giacomaso, representante del departamento de Transformaci\u00f3n Digital y Modernizaci\u00f3n, solicit\u00f3 <strong>realizar una proyecci\u00f3n en la Tecnicatura Universitaria en Desarrollo de Aplicaciones Inform\u00e1ticas \u2013 TUDAI \u2013 que se dicta en la UNICEN<\/strong>, ya que no existe un planeamiento sobre la continuidad de la carrera hacia el futuro.<\/p>\n<p>&nbsp;<\/p>\n<p>Para finalizar, Sergio Corso, secretario de la UIO, <strong>celebr\u00f3 que en la mesa pudieran estar sentados presentes de las instituciones, los sindicatos, la universidad, los comerciantes, empresarios y productores agropecuarios.<\/strong><\/p>\n<p>&nbsp;<\/p>\n<p>La entidad, mediante un comunicado, se\u00f1alaron su conformidad<strong><em> \u201ccon el resultado de la reuni\u00f3n y consideramos que fue muy positiva, ya que fuimos escuchados y se gener\u00f3 la posibilidad de organizar nuevos encuentros para profundizar las problem\u00e1ticas de los distintos sectores, en tanto quedamos a la espera de la reprogramaci\u00f3n de la visita del gobernador bonaerense a nuestra ciudad\u201d.<\/em><\/strong><\/p>\n<p>&nbsp;<\/p>\n<p>Tambi\u00e9n formaron parte del encuentro referentes del sindicato AOMA &#8211; Asociaci\u00f3n Obrera Minera Argentina-, directivos de Loma Negra y Cementos Avellaneda, autoridades de la Agrupaci\u00f3n Comerciantes Unidos. Adem\u00e1s, asistieron la decana de la facultad de ingenier\u00eda de Olavarr\u00eda, Mg. Mar\u00eda Peralta, y la decana de la facultad de ciencias sociales, Lic. Gabriela Gamberini y el presidente de la C\u00e1mara de la Piedra de la Provincia de Buenos Aires, Gustavo N\u00fa\u00f1ez, entre otros.<\/p>\n","protected":false},"excerpt":{"rendered":"<p>Tambi\u00e9n formaron parte varios sectores productivos de la ciudad. Pedidos al Banco Provincia y solicitudes de dinamizaci\u00f3n de \u201ccalificaci\u00f3n financiera\u201d<\/p>\n","protected":false},"author":2,"featured_media":28701,"comment_status":"closed","ping_status":"closed","sticky":false,"template":"","format":"standard","meta":{"_jetpack_memberships_contains_paid_content":false,"footnotes":""},"categories":[5,1],"tags":[],"class_list":["post-28697","post","type-post","status-publish","format-standard","has-post-thumbnail","hentry","category-informacion-general","category-portada"],"jetpack_featured_media_url":"https:\/\/i0.wp.com\/cdnoticias.com\/wp-content\/uploads\/2021\/08\/E8D90iFXsAMp3ME.jpg?fit=1232%2C816&ssl=1","jetpack_sharing_enabled":true,"_links":{"self":[{"href":"https:\/\/cdnoticias.com\/index.php\/wp-json\/wp\/v2\/posts\/28697","targetHints":{"allow":["GET"]}}],"collection":[{"href":"https:\/\/cdnoticias.com\/index.php\/wp-json\/wp\/v2\/posts"}],"about":[{"href":"https:\/\/cdnoticias.com\/index.php\/wp-json\/wp\/v2\/types\/post"}],"author":[{"embeddable":true,"href":"https:\/\/cdnoticias.com\/index.php\/wp-json\/wp\/v2\/users\/2"}],"replies":[{"embeddable":true,"href":"https:\/\/cdnoticias.com\/index.php\/wp-json\/wp\/v2\/comments?post=28697"}],"version-history":[{"count":0,"href":"https:\/\/cdnoticias.com\/index.php\/wp-json\/wp\/v2\/posts\/28697\/revisions"}],"wp:featuredmedia":[{"embeddable":true,"href":"https:\/\/cdnoticias.com\/index.php\/wp-json\/wp\/v2\/media\/28701"}],"wp:attachment":[{"href":"https:\/\/cdnoticias.com\/index.php\/wp-json\/wp\/v2\/media?parent=28697"}],"wp:term":[{"taxonomy":"category","embeddable":true,"href":"https:\/\/cdnoticias.com\/index.php\/wp-json\/wp\/v2\/categories?post=28697"},{"taxonomy":"post_tag","embeddable":true,"href":"https:\/\/cdnoticias.com\/index.php\/wp-json\/wp\/v2\/tags?post=28697"}],"curies":[{"name":"wp","href":"https:\/\/api.w.org\/{rel}","templated":true}]}}