{"id":28693,"date":"2021-08-06T08:56:38","date_gmt":"2021-08-06T11:56:38","guid":{"rendered":"http:\/\/www.centraldenoticias.com.ar\/?p=28693"},"modified":"2021-08-06T10:31:20","modified_gmt":"2021-08-06T13:31:20","slug":"giro-este-viernes-recorrida-por-casas-y-comercios-para-evaluar-la-experiencia","status":"publish","type":"post","link":"https:\/\/cdnoticias.com\/index.php\/2021\/08\/06\/giro-este-viernes-recorrida-por-casas-y-comercios-para-evaluar-la-experiencia\/","title":{"rendered":"GIRO: este viernes, recorrida por casas y comercios para evaluar la experiencia"},"content":{"rendered":"<p>Personal del programa de separaci\u00f3n de residuos visitar\u00e1 a los vecinos de San Vicente, Los Robles y Municipales. Adem\u00e1s, se aplicar\u00e1 la herramienta \u201cse\u00f1aladores\u201d.<!--more--><\/p>\n<hr \/>\n<p><strong>\u201cUn nuevo servicio de recolecci\u00f3n de residuos que acompa\u00f1a y motiva el cambio\u201d<\/strong> comunic\u00f3 este viernes la Municipalidad para anunciar que <strong>personal del programa GIRO \u00a0(Gesti\u00f3n Integral de Residuos Olavarr\u00eda) recorrer\u00e1 casas y comercios durante la jornada para evaluar la experiencia en las zonas donde se desarrolla la prueba piloto<\/strong>.<\/p>\n<p>&nbsp;<\/p>\n<p>A su vez, se adelant\u00f3 que<strong> se aplicar\u00e1 la herramienta \u201cse\u00f1aladores\u201d<\/strong>: marcas en los canastos de residuos de los vecinos para indicar la aplicaci\u00f3n del programa de separaci\u00f3n de residuos domiciliarios.<\/p>\n<p>&nbsp;<\/p>\n<p><a href=\"https:\/\/cdnoticias.com\/index.php\/2021\/07\/04\/giro-este-lunes-comienza-la-prueba-piloto-en-san-vicente\/\" target=\"_blank\" rel=\"noopener\">Pas\u00f3 un mes desde la \u00faltima expansi\u00f3n del Programa GIRO<\/a> en la porci\u00f3n del<strong> barrio San Vicente<\/strong> comprendida entre Rivadavia hasta las v\u00edas y Pueyrred\u00f3n hasta Avellaneda. Este \u00faltimo sector se sum\u00f3 al piloto que comenz\u00f3 en el mes de marzo en el <strong>barrio Los Robles y luego en el Municipales<\/strong>.<\/p>\n<p>&nbsp;<\/p>\n<p>\u201cEl hito del mes cumplido a partir de la \u00faltima activaci\u00f3n moviliz\u00f3 al <strong>equipo de Cambio de Comportamiento de GIRO<\/strong> a planificar actividades que comenzar\u00e1n este viernes 6 de agosto y continuar\u00e1n durante las pr\u00f3ximas semanas\u201d se indic\u00f3 desde la Municipalidad.<\/p>\n<p>&nbsp;<\/p>\n<p><img data-recalc-dims=\"1\" loading=\"lazy\" decoding=\"async\" class=\"size-full wp-image-23369 aligncenter\" src=\"https:\/\/i0.wp.com\/cdnoticias.com\/wp-content\/uploads\/2021\/06\/Desarrollo-Sustentable-GIRO-800x445.jpg?resize=800%2C445&#038;ssl=1\" alt=\"\" width=\"800\" height=\"445\" srcset=\"https:\/\/i0.wp.com\/cdnoticias.com\/wp-content\/uploads\/2021\/06\/Desarrollo-Sustentable-GIRO-800x445.jpg?resize=800%2C445&amp;ssl=1 800w, https:\/\/i0.wp.com\/cdnoticias.com\/wp-content\/uploads\/2021\/06\/Desarrollo-Sustentable-GIRO-800x445.jpg?resize=300%2C167&amp;ssl=1 300w, https:\/\/i0.wp.com\/cdnoticias.com\/wp-content\/uploads\/2021\/06\/Desarrollo-Sustentable-GIRO-800x445.jpg?resize=768%2C427&amp;ssl=1 768w\" sizes=\"auto, (max-width: 800px) 100vw, 800px\" \/><\/p>\n<p>&nbsp;<\/p>\n<p>Se detall\u00f3 que el equipo de Cambio de Comportamiento, dentro del equipo multidisciplinario que conforma GIRO, est\u00e1 enfocado principalmente en acompa\u00f1ar a los vecinos y vecinas a<strong> transformar la relaci\u00f3n que tienen con sus residuos y los h\u00e1bitos que la acompa\u00f1an<\/strong>.<\/p>\n<p>&nbsp;<\/p>\n<p>\u201cEl objetivo del programa es <strong>transformar a los residentes en ciudadanos que separan sus residuos y cumplen con los d\u00edas asignados por el nuevo servicio<\/strong>, lo que impacta de manera positiva tanto en la cantidad y calidad de materiales recuperados, como en las condiciones de trabajo en las plantas de reciclables y compostables\u201d se aclar\u00f3.<\/p>\n<p>&nbsp;<\/p>\n<blockquote><p>Para esto, este viernes 6 de agosto realizar\u00e1n una recorrida por los hogares y comercios de las zonas piloto, espec\u00edficamente en el Barrio San Vicente y Municipales. El prop\u00f3sito ser\u00e1 \u201cconversar con los vecinos acerca de la nueva experiencia y diagnosticar las dificultades que est\u00e1n teniendo a la hora de separar\u201d.<\/p><\/blockquote>\n<p>&nbsp;<\/p>\n<p>La salida de este equipo tiene como objetivo \u00faltimo <strong>\u201cvelar porque la transici\u00f3n de los usuarios sea lo m\u00e1s guiada y acompa\u00f1ada posible\u201d<\/strong>.<\/p>\n<p>&nbsp;<\/p>\n<p><img data-recalc-dims=\"1\" loading=\"lazy\" decoding=\"async\" class=\"size-full wp-image-15228 aligncenter\" src=\"https:\/\/i0.wp.com\/cdnoticias.com\/wp-content\/uploads\/2021\/03\/giro00.jpg?resize=800%2C445&#038;ssl=1\" alt=\"\" width=\"800\" height=\"445\" srcset=\"https:\/\/i0.wp.com\/cdnoticias.com\/wp-content\/uploads\/2021\/03\/giro00.jpg?w=800&amp;ssl=1 800w, https:\/\/i0.wp.com\/cdnoticias.com\/wp-content\/uploads\/2021\/03\/giro00.jpg?resize=300%2C167&amp;ssl=1 300w, https:\/\/i0.wp.com\/cdnoticias.com\/wp-content\/uploads\/2021\/03\/giro00.jpg?resize=768%2C427&amp;ssl=1 768w\" sizes=\"auto, (max-width: 800px) 100vw, 800px\" \/><\/p>\n<p>&nbsp;<\/p>\n<p>Asimismo, se adelant\u00f3 que para las pr\u00f3ximas semanas, el equipo de Cambio de Comportamiento planifica tambi\u00e9n llevar adelante otra iniciativa que busca \u201c<strong>reforzar las respuestas positivas<\/strong> a la separaci\u00f3n de residuos en el hogar y <strong>desalentar aquellas que perjudican<\/strong> al correcto funcionamiento del nuevo servicio\u201d.<\/p>\n<p>&nbsp;<\/p>\n<p>Para ello aplicar\u00e1n una herramienta, conocida como <strong>\u201cse\u00f1aladores\u201d<\/strong>. Desde GIRO se sostuvo que ya \u201cdemostr\u00f3 ser efectiva en etapas anteriores de las pruebas piloto y funcion\u00f3 exitosamente tambi\u00e9n en otros programas similares\u201d.<\/p>\n<p>&nbsp;<\/p>\n<p>Seg\u00fan se explic\u00f3, la iniciativa consiste en \u201c<strong>colocar los se\u00f1aladores en los canastos de los vecinos<\/strong> para alentar a aquellos hogares que ya se han sumado a la propuesta y convocar a los que a\u00fan no participan y no han tomado consciencia de que el correcto funcionamiento del sistema de recolecci\u00f3n es un compromiso de todos\u201d.<\/p>\n<p>&nbsp;<\/p>\n<blockquote><p>El c\u00f3digo de color de las etiquetas funciona como el sistema del sem\u00e1foro: verde para aquellos hogares que han respetado el d\u00eda de recolecci\u00f3n y lo han hecho exitosamente; amarillo para los hogares que lo han intentado, pero donde se observan algunos errores o mejoras posibles; y rojo para los hogares que no respetaron los requerimientos del sistema.<\/p><\/blockquote>\n<p>&nbsp;<\/p>\n<p>Con ello, adem\u00e1s, se persigue otra finalidad: \u201c<strong>visibilizar la participaci\u00f3n ciudadana<\/strong>, reforzando o corrigiendo aquellas conductas que lo necesiten, as\u00ed como tambi\u00e9n premiar y motivar a aquellos vecinos que separan bien para que lo sigan haciendo\u201d.<\/p>\n<p>&nbsp;<\/p>\n<p>Los interesados en contactarse con el programa GIRO podr\u00e1n hacerlo por mail a <a href=\"mailto:giro@olavarria.gov.ar\">giro@olavarria.gov.ar<\/a>, en la web <em>giro.olavarria.gov.ar<\/em> o a trav\u00e9s de las redes Facebook e Instagram <strong>@giro.olavarria<\/strong>. Tambi\u00e9n, por tel\u00e9fono con la Direcci\u00f3n de Desarrollo Sustentable de la Secretar\u00eda de Desarrollo Econ\u00f3mico al 412600.<\/p>\n","protected":false},"excerpt":{"rendered":"<p>Personal del programa de separaci\u00f3n de residuos visitar\u00e1 a los vecinos de San Vicente, Los Robles y Municipales. Adem\u00e1s, se<\/p>\n","protected":false},"author":4,"featured_media":22952,"comment_status":"closed","ping_status":"closed","sticky":false,"template":"","format":"standard","meta":{"_jetpack_memberships_contains_paid_content":false,"footnotes":""},"categories":[5,1],"tags":[],"class_list":["post-28693","post","type-post","status-publish","format-standard","has-post-thumbnail","hentry","category-informacion-general","category-portada"],"jetpack_featured_media_url":"https:\/\/i0.wp.com\/cdnoticias.com\/wp-content\/uploads\/2021\/06\/DS-Programa-GIRO.jpg?fit=564%2C372&ssl=1","jetpack_sharing_enabled":true,"_links":{"self":[{"href":"https:\/\/cdnoticias.com\/index.php\/wp-json\/wp\/v2\/posts\/28693","targetHints":{"allow":["GET"]}}],"collection":[{"href":"https:\/\/cdnoticias.com\/index.php\/wp-json\/wp\/v2\/posts"}],"about":[{"href":"https:\/\/cdnoticias.com\/index.php\/wp-json\/wp\/v2\/types\/post"}],"author":[{"embeddable":true,"href":"https:\/\/cdnoticias.com\/index.php\/wp-json\/wp\/v2\/users\/4"}],"replies":[{"embeddable":true,"href":"https:\/\/cdnoticias.com\/index.php\/wp-json\/wp\/v2\/comments?post=28693"}],"version-history":[{"count":0,"href":"https:\/\/cdnoticias.com\/index.php\/wp-json\/wp\/v2\/posts\/28693\/revisions"}],"wp:featuredmedia":[{"embeddable":true,"href":"https:\/\/cdnoticias.com\/index.php\/wp-json\/wp\/v2\/media\/22952"}],"wp:attachment":[{"href":"https:\/\/cdnoticias.com\/index.php\/wp-json\/wp\/v2\/media?parent=28693"}],"wp:term":[{"taxonomy":"category","embeddable":true,"href":"https:\/\/cdnoticias.com\/index.php\/wp-json\/wp\/v2\/categories?post=28693"},{"taxonomy":"post_tag","embeddable":true,"href":"https:\/\/cdnoticias.com\/index.php\/wp-json\/wp\/v2\/tags?post=28693"}],"curies":[{"name":"wp","href":"https:\/\/api.w.org\/{rel}","templated":true}]}}