{"id":28686,"date":"2021-08-05T21:14:11","date_gmt":"2021-08-06T00:14:11","guid":{"rendered":"http:\/\/www.centraldenoticias.com.ar\/?p=28686"},"modified":"2021-08-05T21:17:26","modified_gmt":"2021-08-06T00:17:26","slug":"importante-reunion-del-sector-productivo-local-con-funcionarios-provinciales","status":"publish","type":"post","link":"https:\/\/cdnoticias.com\/index.php\/2021\/08\/05\/importante-reunion-del-sector-productivo-local-con-funcionarios-provinciales\/","title":{"rendered":"Importante reuni\u00f3n del sector productivo local con funcionarios provinciales"},"content":{"rendered":"<p>Se llev\u00f3 a cabo en la sede del Centro de Empleados de Comercio y tomaron parte numerosos actores tanto locales como regionales y provinciales.<!--more--><\/p>\n<hr \/>\n<p>Si bien como consecuencia de las desfavorables condiciones clim\u00e1ticas se <a href=\"https:\/\/cdnoticias.com\/index.php\/2021\/08\/05\/se-suspendio-la-llegada-del-gobernador\/\" target=\"_blank\" rel=\"noopener\">trunc\u00f3 el arribo del gobernador Axel Kicillof a Olavarr\u00eda<\/a>, eso no impidi\u00f3 la <strong>llegada de funcionarios y legisladores bonaerenses, adem\u00e1s de referentes de diversas entidades e instituciones vinculadas con el sector productivo e inclusive acad\u00e9mico de la ciudad y la regi\u00f3n.<\/strong><\/p>\n<p>&nbsp;<\/p>\n<p><img data-recalc-dims=\"1\" loading=\"lazy\" decoding=\"async\" class=\"alignnone size-large wp-image-28687\" src=\"https:\/\/i0.wp.com\/cdnoticias.com\/wp-content\/uploads\/2021\/08\/E8D90CUXoAILtdb.jpg?resize=800%2C538&#038;ssl=1\" alt=\"\" width=\"800\" height=\"538\" srcset=\"https:\/\/i0.wp.com\/cdnoticias.com\/wp-content\/uploads\/2021\/08\/E8D90CUXoAILtdb.jpg?resize=1024%2C688&amp;ssl=1 1024w, https:\/\/i0.wp.com\/cdnoticias.com\/wp-content\/uploads\/2021\/08\/E8D90CUXoAILtdb.jpg?resize=300%2C201&amp;ssl=1 300w, https:\/\/i0.wp.com\/cdnoticias.com\/wp-content\/uploads\/2021\/08\/E8D90CUXoAILtdb.jpg?resize=768%2C516&amp;ssl=1 768w, https:\/\/i0.wp.com\/cdnoticias.com\/wp-content\/uploads\/2021\/08\/E8D90CUXoAILtdb.jpg?resize=272%2C182&amp;ssl=1 272w, https:\/\/i0.wp.com\/cdnoticias.com\/wp-content\/uploads\/2021\/08\/E8D90CUXoAILtdb.jpg?w=1029&amp;ssl=1 1029w\" sizes=\"auto, (max-width: 800px) 100vw, 800px\" \/><\/p>\n<p>&nbsp;<\/p>\n<p>La sede fue el Centro de Empleados de Comercio, en donde desde primera hora de la ma\u00f1ana y hasta ya transcurrida la tarde\u00a0<a href=\"https:\/\/cdnoticias.com\/index.php\/2021\/08\/05\/operativos-en-distintos-puntos-de-olavarria-para-la-llegada-de-kicillof\/\" target=\"_blank\" rel=\"noopener\">pudo verse un importante despliegue tanto de seguridad como sanitario<\/a>. Quien arroj\u00f3 precisiones y tambi\u00e9n im\u00e1genes del encuentro fue<strong> el subsecretario de Miner\u00eda de la provincia de Buenos Aires, Federico Aguilera, a trav\u00e9s de una serie de publicaciones que llev\u00f3 adelante en sus redes sociales.<\/strong><\/p>\n<p>&nbsp;<\/p>\n<blockquote class=\"twitter-tweet\" data-width=\"550\" data-dnt=\"true\">\n<p lang=\"es\" dir=\"ltr\">Desde <a href=\"https:\/\/twitter.com\/BAProvincia?ref_src=twsrc%5Etfw\">@BAProvincia<\/a> mantuvimos un encuentro con el sector productivo de Olavarr\u00eda donde participaron pymes, <a href=\"https:\/\/twitter.com\/UIOlavarria?ref_src=twsrc%5Etfw\">@UIOlavarria<\/a>, representantes de Loma Negra y Calera Avellaneda, C\u00e1mara de la Piedra, productores rurales, comerciantes, sindicatos y decanas de <a href=\"https:\/\/twitter.com\/FIO_UNICEN?ref_src=twsrc%5Etfw\">@FIO_UNICEN<\/a> y <a href=\"https:\/\/twitter.com\/FacsoUnicen?ref_src=twsrc%5Etfw\">@FacsoUnicen<\/a> <a href=\"https:\/\/t.co\/uLn4Yp5eHs\">pic.twitter.com\/uLn4Yp5eHs<\/a><\/p>\n<p>&mdash; Federico Aguilera (@FedericoAguile5) <a href=\"https:\/\/twitter.com\/FedericoAguile5\/status\/1423416568671838211?ref_src=twsrc%5Etfw\">August 5, 2021<\/a><\/p><\/blockquote>\n<p><script async src=\"https:\/\/platform.twitter.com\/widgets.js\" charset=\"utf-8\"><\/script><\/p>\n<p>&nbsp;<\/p>\n<p><strong>\u201cDesde Provincia mantuvimos un encuentro con el sector productivo de Olavarr\u00eda donde participaron pymes, Uni\u00f3n Industrial de Olavarr\u00eda, representantes de Loma Negra y Calera Avellaneda, C\u00e1mara de la Piedra, productores rurales, sindicatos y decanas de la Facultad de Ingenier\u00eda y de Sociales\u201d<\/strong>, detall\u00f3 el funcionario provincial en el cierre de la tarde de este jueves.<\/p>\n<p>&nbsp;<\/p>\n<blockquote><p>Tambi\u00e9n tomaron parte de la reuni\u00f3n el ministro de Desarrollo Agrario bonaerense, Javier Rodr\u00edguez, y el presidente de la C\u00e1mara de Diputados bonaerense, Federico Oterm\u00edn. A la par, tambi\u00e9n pudieron verse a los diputados nacionales y actuales precandidatos Eduardo Bali Bucca y Liliana Schwindt, adem\u00e1s de la senadora bonaerense Agustina Propato y el diputado provincial C\u00e9sar Valicenti.<\/p><\/blockquote>\n<p>&nbsp;<\/p>\n<p><strong>\u201cDesde Provincia trabajamos codo a codo con todos los sectores para asistir al entramado productivo durante la pandemia. En esta etapa de reconstrucci\u00f3n acompa\u00f1amos al sector privado con medidas de reactivaci\u00f3n econ\u00f3mica para impulsar una etapa de crecimiento\u201d<\/strong>, concluy\u00f3 Aguilera.<\/p>\n","protected":false},"excerpt":{"rendered":"<p>Se llev\u00f3 a cabo en la sede del Centro de Empleados de Comercio y tomaron parte numerosos actores tanto locales<\/p>\n","protected":false},"author":3,"featured_media":28688,"comment_status":"closed","ping_status":"closed","sticky":false,"template":"","format":"standard","meta":{"_jetpack_memberships_contains_paid_content":false,"footnotes":""},"categories":[5,1],"tags":[],"class_list":["post-28686","post","type-post","status-publish","format-standard","has-post-thumbnail","hentry","category-informacion-general","category-portada"],"jetpack_featured_media_url":"https:\/\/i0.wp.com\/cdnoticias.com\/wp-content\/uploads\/2021\/08\/E8D90RDX0AQQYqT.jpg?fit=1232%2C569&ssl=1","jetpack_sharing_enabled":true,"_links":{"self":[{"href":"https:\/\/cdnoticias.com\/index.php\/wp-json\/wp\/v2\/posts\/28686","targetHints":{"allow":["GET"]}}],"collection":[{"href":"https:\/\/cdnoticias.com\/index.php\/wp-json\/wp\/v2\/posts"}],"about":[{"href":"https:\/\/cdnoticias.com\/index.php\/wp-json\/wp\/v2\/types\/post"}],"author":[{"embeddable":true,"href":"https:\/\/cdnoticias.com\/index.php\/wp-json\/wp\/v2\/users\/3"}],"replies":[{"embeddable":true,"href":"https:\/\/cdnoticias.com\/index.php\/wp-json\/wp\/v2\/comments?post=28686"}],"version-history":[{"count":0,"href":"https:\/\/cdnoticias.com\/index.php\/wp-json\/wp\/v2\/posts\/28686\/revisions"}],"wp:featuredmedia":[{"embeddable":true,"href":"https:\/\/cdnoticias.com\/index.php\/wp-json\/wp\/v2\/media\/28688"}],"wp:attachment":[{"href":"https:\/\/cdnoticias.com\/index.php\/wp-json\/wp\/v2\/media?parent=28686"}],"wp:term":[{"taxonomy":"category","embeddable":true,"href":"https:\/\/cdnoticias.com\/index.php\/wp-json\/wp\/v2\/categories?post=28686"},{"taxonomy":"post_tag","embeddable":true,"href":"https:\/\/cdnoticias.com\/index.php\/wp-json\/wp\/v2\/tags?post=28686"}],"curies":[{"name":"wp","href":"https:\/\/api.w.org\/{rel}","templated":true}]}}