{"id":28682,"date":"2021-08-06T10:00:33","date_gmt":"2021-08-06T13:00:33","guid":{"rendered":"http:\/\/www.centraldenoticias.com.ar\/?p=28682"},"modified":"2021-08-06T10:00:33","modified_gmt":"2021-08-06T13:00:33","slug":"empleados-de-comercio-la-paritaria-llegara-al-42-durante-2021","status":"publish","type":"post","link":"https:\/\/cdnoticias.com\/index.php\/2021\/08\/06\/empleados-de-comercio-la-paritaria-llegara-al-42-durante-2021\/","title":{"rendered":"Empleados de comercio: la paritaria llegar\u00e1 al 42% durante 2021"},"content":{"rendered":"<p>Se logr\u00f3 con un bono de $4000 con los haberes del mes de agosto y un incremento del 9% en noviembre. En enero del pr\u00f3ximo a\u00f1o habr\u00e1 una nueva revisi\u00f3n del salario.<!--more--><\/p>\n<hr \/>\n<p>El Centro Empleados de Comercio de Olavarr\u00eda (CECO) inform\u00f3 que la Federaci\u00f3n Argentina de Empleados de Comercio y Servicios (FAECyS) logr\u00f3 un <strong>incremento salarial del 9% adicional no remunerativo en noviembre y una suma fija por $4.000 en agosto,<\/strong> por lo que el gremio lleg\u00f3 a un 42% de aumento en este a\u00f1o y se consensu\u00f3 una nueva evaluaci\u00f3n en enero del 2022.<\/p>\n<p>&nbsp;<\/p>\n<p>Estas negociaciones e incrementos representan un reajuste de las paritarias suscritas por el gremio mercantil en abril y en las que se pact\u00f3 un incremento en cuotas: <strong>un 8% en mayo, 8% en septiembre, 8% en enero 2022 y 8% en febrero de ese mismo a\u00f1o.<\/strong><\/p>\n<p>&nbsp;<\/p>\n<p>Sobre el nuevo incremento, el <strong>Secretario General del CECO, Miguel Santell\u00e1n<\/strong>, remarc\u00f3 que este nuevo acuerdo viene a <em>\u201crecomponer el salario b\u00e1sico de nuestros trabajadores y trabajadoras; y los porcentajes pautados son s\u00f3lo el piso m\u00ednimo y obligatorio para calcular el haber, sin que deban que ser tomados como un techo\u201d<\/em>. Y agreg\u00f3 que <strong>\u201ca partir de este m\u00ednimo los empresarios, pueden otorgar mejoras por encima de este acuerdo\u201d.<\/strong><\/p>\n<p>&nbsp;<\/p>\n<p>Por cualquier consulta vinculada a la nueva pauta salarial, el CECO pone a disposici\u00f3n a su Secretar\u00eda Gremial para despejar cualquier duda y podr\u00e1n contactarse telef\u00f3nicamente llamando al 43930 interno 423\/424\/425 \u00f3 asistiendo a la sede gremial de calle Coronel Su\u00e1rez 2752 primer piso en el horario de 8 a 16 horas.<\/p>\n","protected":false},"excerpt":{"rendered":"<p>Se logr\u00f3 con un bono de $4000 con los haberes del mes de agosto y un incremento del 9% en<\/p>\n","protected":false},"author":5,"featured_media":1608,"comment_status":"closed","ping_status":"closed","sticky":false,"template":"","format":"standard","meta":{"_jetpack_memberships_contains_paid_content":false,"footnotes":""},"categories":[5,1],"tags":[],"class_list":["post-28682","post","type-post","status-publish","format-standard","has-post-thumbnail","hentry","category-informacion-general","category-portada"],"jetpack_featured_media_url":"https:\/\/i0.wp.com\/cdnoticias.com\/wp-content\/uploads\/2020\/09\/CECO2.jpg?fit=799%2C449&ssl=1","jetpack_sharing_enabled":true,"_links":{"self":[{"href":"https:\/\/cdnoticias.com\/index.php\/wp-json\/wp\/v2\/posts\/28682","targetHints":{"allow":["GET"]}}],"collection":[{"href":"https:\/\/cdnoticias.com\/index.php\/wp-json\/wp\/v2\/posts"}],"about":[{"href":"https:\/\/cdnoticias.com\/index.php\/wp-json\/wp\/v2\/types\/post"}],"author":[{"embeddable":true,"href":"https:\/\/cdnoticias.com\/index.php\/wp-json\/wp\/v2\/users\/5"}],"replies":[{"embeddable":true,"href":"https:\/\/cdnoticias.com\/index.php\/wp-json\/wp\/v2\/comments?post=28682"}],"version-history":[{"count":0,"href":"https:\/\/cdnoticias.com\/index.php\/wp-json\/wp\/v2\/posts\/28682\/revisions"}],"wp:featuredmedia":[{"embeddable":true,"href":"https:\/\/cdnoticias.com\/index.php\/wp-json\/wp\/v2\/media\/1608"}],"wp:attachment":[{"href":"https:\/\/cdnoticias.com\/index.php\/wp-json\/wp\/v2\/media?parent=28682"}],"wp:term":[{"taxonomy":"category","embeddable":true,"href":"https:\/\/cdnoticias.com\/index.php\/wp-json\/wp\/v2\/categories?post=28682"},{"taxonomy":"post_tag","embeddable":true,"href":"https:\/\/cdnoticias.com\/index.php\/wp-json\/wp\/v2\/tags?post=28682"}],"curies":[{"name":"wp","href":"https:\/\/api.w.org\/{rel}","templated":true}]}}