{"id":28670,"date":"2021-08-05T20:09:16","date_gmt":"2021-08-05T23:09:16","guid":{"rendered":"http:\/\/www.centraldenoticias.com.ar\/?p=28670"},"modified":"2021-08-05T20:09:16","modified_gmt":"2021-08-05T23:09:16","slug":"obrar-olavarria-nueva-colecta-y-nuevos-aprendizajes","status":"publish","type":"post","link":"https:\/\/cdnoticias.com\/index.php\/2021\/08\/05\/obrar-olavarria-nueva-colecta-y-nuevos-aprendizajes\/","title":{"rendered":"Obrar Olavarr\u00eda: nueva colecta y nuevos aprendizajes"},"content":{"rendered":"<p>El grupo lleva adelante su segunda campa\u00f1a solidaria. Esta vez, en beneficio de C\u00e1ritas Lourdes. Paula Ferrari, integrante del espacio, cont\u00f3 el origen de Obrar Olavarr\u00eda y las necesidades puntuales de esta iniciativa.<!--more--><\/p>\n<hr \/>\n<p><strong><em>\u201cNo te quedes en el dolor, obrar es perdonar\u201d.<\/em><\/strong> La frase recuerda al desaparecido Hogar para la Recuperaci\u00f3n del Enfermo Oncol\u00f3gico (Hore\u00f3n), instituci\u00f3n creada por Beatr\u00edz Gubitosi. Esas palabras sirvieron para nombrar a la agrupaci\u00f3n de unos amigos con ganas de ayudar.<\/p>\n<p>&nbsp;<\/p>\n<p><strong>Paula Ferrari, integrante de Obrar Olavarr\u00eda<\/strong>, habl\u00f3 con <em>Central de Noticias<\/em> y cont\u00f3 detalles de la colecta que llevan adelante para colaborar con C\u00e1ritas Lourdes. Adem\u00e1s, relat\u00f3 los or\u00edgenes del grupo solidario y los proyectos a futuro.<\/p>\n<p>&nbsp;<\/p>\n<p>La <strong>primera campa\u00f1a del grupo<\/strong> fue para ayudar con frazadas, abrigo y alimentos a C\u00e1ritas Inmaculada.<em> \u201cLa idea era hacer acciones distintas pero nos encontramos con que las instituciones como C\u00e1ritas eran las que estaban pasando m\u00e1s urgencias\u201d<\/em>, se\u00f1al\u00f3 Paula. De esta forma, apostaron a una movida similar a la anterior.<\/p>\n<p>&nbsp;<\/p>\n<p><strong>Esta vez, la campa\u00f1a ser\u00e1 para colaborar con C\u00e1ritas Lourdes.<\/strong> El pedido principal es de alimentos: <em>\u201cpor suerte estamos recaudando mucha ropa y frazadas, estamos muy agradecidos. Sin embargo, hemos recibido muy pocos alimentos no perecederos, por eso estamos reforzando ese pedido. Tambi\u00e9n recibimos dinero que se destinar\u00e1 todo a la compra de alimentos\u201d.<\/em><\/p>\n<p>&nbsp;<\/p>\n<p>Qui\u00e9nes deseen colaborar con aceite, az\u00facar, fideos, latas de tomate, arroz, cacao, leche en polvo, condimentos, entre otros art\u00edculos, se pueden contactar a los siguientes tel\u00e9fonos:<strong> 15538376 \u2013 15302528 \u2013 15305677 \u2013 15650921.<\/strong><\/p>\n<p>&nbsp;<\/p>\n<p><img data-recalc-dims=\"1\" loading=\"lazy\" decoding=\"async\" class=\"alignnone size-full wp-image-28676\" src=\"https:\/\/i0.wp.com\/cdnoticias.com\/wp-content\/uploads\/2021\/08\/obrarolavarria03.jpg?resize=800%2C600&#038;ssl=1\" alt=\"\" width=\"800\" height=\"600\" srcset=\"https:\/\/i0.wp.com\/cdnoticias.com\/wp-content\/uploads\/2021\/08\/obrarolavarria03.jpg?w=960&amp;ssl=1 960w, https:\/\/i0.wp.com\/cdnoticias.com\/wp-content\/uploads\/2021\/08\/obrarolavarria03.jpg?resize=300%2C225&amp;ssl=1 300w, https:\/\/i0.wp.com\/cdnoticias.com\/wp-content\/uploads\/2021\/08\/obrarolavarria03.jpg?resize=768%2C576&amp;ssl=1 768w\" sizes=\"auto, (max-width: 800px) 100vw, 800px\" \/><\/p>\n<p>&nbsp;<\/p>\n<p><strong>Valorar el camino recorrido<\/strong><\/p>\n<p>&nbsp;<\/p>\n<p><em>\u201cNuestra idea es aprovechar la energ\u00eda de esas personas que ya saben lo que hacen, que ya tienen un m\u00e9todo de trabajo y nosotros venir a aliviarles un poco la funci\u00f3n que tienen\u201d,<\/em> cont\u00f3 Paula en relaci\u00f3n al trabajo que realizan tantas instituciones en la ciudad.<\/p>\n<p>&nbsp;<\/p>\n<p>Esta premisa se vio reflejada en la primera colecta del grupo a beneficio de C\u00e1ritas Inmaculada, <em>\u201ccomo un peque\u00f1o homenaje a la inolvidable Mabel Marchetti de Antista, mujer gigante de esp\u00edritu y siempre con los pies en el barro y las manos dispuestas a sostener a los que estaban a punto de caerse\u201d<\/em>, se\u00f1alaron desde Obrar Olavarr\u00eda.<\/p>\n<p>&nbsp;<\/p>\n<p><img data-recalc-dims=\"1\" loading=\"lazy\" decoding=\"async\" class=\"alignnone size-full wp-image-28675\" src=\"https:\/\/i0.wp.com\/cdnoticias.com\/wp-content\/uploads\/2021\/08\/obrarolavarria02.jpg?resize=800%2C600&#038;ssl=1\" alt=\"\" width=\"800\" height=\"600\" srcset=\"https:\/\/i0.wp.com\/cdnoticias.com\/wp-content\/uploads\/2021\/08\/obrarolavarria02.jpg?w=1280&amp;ssl=1 1280w, https:\/\/i0.wp.com\/cdnoticias.com\/wp-content\/uploads\/2021\/08\/obrarolavarria02.jpg?resize=300%2C225&amp;ssl=1 300w, https:\/\/i0.wp.com\/cdnoticias.com\/wp-content\/uploads\/2021\/08\/obrarolavarria02.jpg?resize=768%2C576&amp;ssl=1 768w, https:\/\/i0.wp.com\/cdnoticias.com\/wp-content\/uploads\/2021\/08\/obrarolavarria02.jpg?resize=1024%2C768&amp;ssl=1 1024w\" sizes=\"auto, (max-width: 800px) 100vw, 800px\" \/><\/p>\n<p>&nbsp;<\/p>\n<p>Paula se mostr\u00f3 sorprendida y agradecida por la respuesta de la comunidad:<em> \u201cgente muy generosa y de todos los estratos sociales\u201d<\/em>. Adem\u00e1s, reconoci\u00f3 que la idea original era plantear acciones solidarias bien distintas entre s\u00ed <em>\u201cpero la necesidad estaba en otro lado\u201d.<\/em><\/p>\n<p>&nbsp;<\/p>\n<p>Cuando finalice esta segunda campa\u00f1a, el grupo evaluar\u00e1 el pr\u00f3ximo objetivo y seguir\u00e1 aprendiendo a partir del camino recorrido.<\/p>\n<p>&nbsp;<\/p>\n<p><em>Im\u00e1genes: Facebook Obrar Olavarr\u00eda<\/em><\/p>\n","protected":false},"excerpt":{"rendered":"<p>El grupo lleva adelante su segunda campa\u00f1a solidaria. Esta vez, en beneficio de C\u00e1ritas Lourdes. Paula Ferrari, integrante del espacio,<\/p>\n","protected":false},"author":5,"featured_media":28674,"comment_status":"closed","ping_status":"closed","sticky":false,"template":"","format":"standard","meta":{"_jetpack_memberships_contains_paid_content":false,"footnotes":""},"categories":[5,1],"tags":[],"class_list":["post-28670","post","type-post","status-publish","format-standard","has-post-thumbnail","hentry","category-informacion-general","category-portada"],"jetpack_featured_media_url":"https:\/\/i0.wp.com\/cdnoticias.com\/wp-content\/uploads\/2021\/08\/obrarolavarria.jpg?fit=1280%2C1280&ssl=1","jetpack_sharing_enabled":true,"_links":{"self":[{"href":"https:\/\/cdnoticias.com\/index.php\/wp-json\/wp\/v2\/posts\/28670","targetHints":{"allow":["GET"]}}],"collection":[{"href":"https:\/\/cdnoticias.com\/index.php\/wp-json\/wp\/v2\/posts"}],"about":[{"href":"https:\/\/cdnoticias.com\/index.php\/wp-json\/wp\/v2\/types\/post"}],"author":[{"embeddable":true,"href":"https:\/\/cdnoticias.com\/index.php\/wp-json\/wp\/v2\/users\/5"}],"replies":[{"embeddable":true,"href":"https:\/\/cdnoticias.com\/index.php\/wp-json\/wp\/v2\/comments?post=28670"}],"version-history":[{"count":0,"href":"https:\/\/cdnoticias.com\/index.php\/wp-json\/wp\/v2\/posts\/28670\/revisions"}],"wp:featuredmedia":[{"embeddable":true,"href":"https:\/\/cdnoticias.com\/index.php\/wp-json\/wp\/v2\/media\/28674"}],"wp:attachment":[{"href":"https:\/\/cdnoticias.com\/index.php\/wp-json\/wp\/v2\/media?parent=28670"}],"wp:term":[{"taxonomy":"category","embeddable":true,"href":"https:\/\/cdnoticias.com\/index.php\/wp-json\/wp\/v2\/categories?post=28670"},{"taxonomy":"post_tag","embeddable":true,"href":"https:\/\/cdnoticias.com\/index.php\/wp-json\/wp\/v2\/tags?post=28670"}],"curies":[{"name":"wp","href":"https:\/\/api.w.org\/{rel}","templated":true}]}}