{"id":28664,"date":"2021-08-05T19:45:19","date_gmt":"2021-08-05T22:45:19","guid":{"rendered":"http:\/\/www.centraldenoticias.com.ar\/?p=28664"},"modified":"2021-08-05T20:02:23","modified_gmt":"2021-08-05T23:02:23","slug":"el-taller-de-picapedreros-cumple-4-anos-y-lo-festeja-con-un-sorteo","status":"publish","type":"post","link":"https:\/\/cdnoticias.com\/index.php\/2021\/08\/05\/el-taller-de-picapedreros-cumple-4-anos-y-lo-festeja-con-un-sorteo\/","title":{"rendered":"El taller de picapedreros cumple 4 a\u00f1os y lo festeja con un sorteo"},"content":{"rendered":"<p>Nacho Cardiello, profesor y coordinador del espacio, cont\u00f3 en La Ma\u00f1ana de Radio Universidad en FM 90.1 que est\u00e1n pr\u00f3ximos a retomar las clases y narr\u00f3 cu\u00e1l es el presente del taller. <strong>Todos los detalles<\/strong>.<!--more--><\/p>\n<hr \/>\n<p><strong>\u201cHa sido bastante satisfactorio lo que hemos logrado en estos 4 a\u00f1os\u201d<\/strong>. De esa manera Juan Ignacio Cardiello relat\u00f3 sus sensaciones en<em> La Ma\u00f1ana de Radio Universidad FM 90.1<\/em>\u00a0en el marco del cuarto aniversario del Taller de Picapedreros que funciona en Sierras Bayas y que lo tiene como profesor y coordinador de ese espacio.<\/p>\n<p>&nbsp;<\/p>\n<p><iframe id=\"audio_73748680\" style=\"width: 100%;\" src=\"https:\/\/www.ivoox.com\/player_ej_73748680_6_1.html\" height=\"200\" frameborder=\"0\" scrolling=\"no\" allowfullscreen=\"allowfullscreen\"><\/iframe><\/p>\n<p>&nbsp;<\/p>\n<p><strong>\u201cYo soy profesor en Artes Visuales, orientado a lo que es la escultura, y me intriga tambi\u00e9n de conocer y trabajar la talla en piedra. Estuve estudiando y yendo a talleres de la zona hasta que se me dio de incentivarme y traer esa actividad para ac\u00e1. Desde el 2017 comenzamos en Sierras Bayas y le dimos marcha a este taller\u201d<\/strong>, narr\u00f3 a medida que describ\u00eda aquellos primeros pasos como \u201calgo m\u00e1s humilde, un tallercito como para ir empezando a revalorizar y rescatar todo lo que tiene que ver con el oficio picapedrero\u201d.<\/p>\n<p>&nbsp;<\/p>\n<p>Hoy la realidad es otra, ya que han tomado parte de numerosas actividades y eventos, inclusive la labor desarrollada dio lugar a que en el 2018 el taller fuera declarado de Inter\u00e9s Legislativo Municipal por parte del Concejo Deliberante. Inclusive, tal ha sido el proceso y progreso que se encuentra en plena etapa de mudanza hacia un nuevo espacio.<strong> \u201cEs un lindo lugar, bastante r\u00fastico, cerca de los yacimientos, cerca de la materia primo, los invit\u00f3 a todos los que quieran acercarse\u201d<\/strong>, enfatiz\u00f3 mientras detallaba que ese espacio se encuentra sobre Colombo y Roca, en pleno coraz\u00f3n de la localidad serrana.<\/p>\n<p>&nbsp;<\/p>\n<p><img data-recalc-dims=\"1\" loading=\"lazy\" decoding=\"async\" class=\"alignnone size-full wp-image-28666\" src=\"https:\/\/i0.wp.com\/cdnoticias.com\/wp-content\/uploads\/2021\/08\/picapedreros01.jpg?resize=619%2C348&#038;ssl=1\" alt=\"\" width=\"619\" height=\"348\" srcset=\"https:\/\/i0.wp.com\/cdnoticias.com\/wp-content\/uploads\/2021\/08\/picapedreros01.jpg?w=619&amp;ssl=1 619w, https:\/\/i0.wp.com\/cdnoticias.com\/wp-content\/uploads\/2021\/08\/picapedreros01.jpg?resize=300%2C169&amp;ssl=1 300w\" sizes=\"auto, (max-width: 619px) 100vw, 619px\" \/><\/p>\n<p>&nbsp;<\/p>\n<p><strong>Sin dudas una de las novedades m\u00e1s interesantes es que en este marco de festejo tambi\u00e9n se dar\u00e1 el retorno de las clases presenciales<\/strong>. Aquellos interesados podr\u00e1n acercarse los s\u00e1bados en el horario de 15 a 18. Para la puesta en marcha de este nuevo espacio se est\u00e1 apelando no s\u00f3lo a la solidaridad de la comunidad, sino tambi\u00e9n de los propios alumnos para reforzar \u201cel sentimiento de pertenencia\u201d seg\u00fan expres\u00f3 y solicit\u00f3 que quienes puedan ayuden con pallets, barriles de aceite en desuso al igual que cinceles, cortafierros y herramientas viejas o en desuso. \u201cNosotros m\u00e1s all\u00e1 de tenerlas, exhibirlas o revalorizarlas, las utilizamos, las traemos al hoy y nos sirven para trabajar\u201d, explic\u00f3.<\/p>\n<p>&nbsp;<\/p>\n<p><strong>\u201cPara iniciarse y capacitarse lo que es la talla en piedra, de manera artesanal, art\u00edstica, como hobbie y tambi\u00e9n como salida laboral\u201d<\/strong>, continu\u00f3 Cardiello.<\/p>\n<p>&nbsp;<\/p>\n<blockquote class=\"instagram-media\" style=\"background: #FFF; border: 0; border-radius: 3px; box-shadow: 0 0 1px 0 rgba(0,0,0,0.5),0 1px 10px 0 rgba(0,0,0,0.15); margin: 1px; max-width: 540px; min-width: 326px; padding: 0; width: calc(100% - 2px);\" data-instgrm-captioned=\"\" data-instgrm-permalink=\"https:\/\/www.instagram.com\/p\/CRmSHcPhp1e\/?utm_source=ig_embed&amp;utm_campaign=loading\" data-instgrm-version=\"13\">\n<div style=\"padding: 16px;\">\n<p>&nbsp;<\/p>\n<div style=\"display: flex; flex-direction: row; align-items: center;\">\n<div style=\"background-color: #f4f4f4; border-radius: 50%; flex-grow: 0; height: 40px; margin-right: 14px; width: 40px;\"><\/div>\n<div style=\"display: flex; flex-direction: column; flex-grow: 1; justify-content: center;\">\n<div style=\"background-color: #f4f4f4; border-radius: 4px; flex-grow: 0; height: 14px; margin-bottom: 6px; width: 100px;\"><\/div>\n<div style=\"background-color: #f4f4f4; border-radius: 4px; flex-grow: 0; height: 14px; width: 60px;\"><\/div>\n<\/div>\n<\/div>\n<div style=\"padding: 19% 0;\"><\/div>\n<div style=\"display: block; height: 50px; margin: 0 auto 12px; width: 50px;\"><\/div>\n<div style=\"padding-top: 8px;\">\n<div style=\"color: #3897f0; font-family: Arial,sans-serif; font-size: 14px; font-style: normal; font-weight: 550; line-height: 18px;\">Ver esta publicaci\u00f3n en Instagram<\/div>\n<\/div>\n<div style=\"padding: 12.5% 0;\"><\/div>\n<div style=\"display: flex; flex-direction: row; margin-bottom: 14px; align-items: center;\">\n<div>\n<div style=\"background-color: #f4f4f4; border-radius: 50%; height: 12.5px; width: 12.5px; transform: translateX(0px) translateY(7px);\"><\/div>\n<div style=\"background-color: #f4f4f4; height: 12.5px; transform: rotate(-45deg) translateX(3px) translateY(1px); width: 12.5px; flex-grow: 0; margin-right: 14px; margin-left: 2px;\"><\/div>\n<div style=\"background-color: #f4f4f4; border-radius: 50%; height: 12.5px; width: 12.5px; transform: translateX(9px) translateY(-18px);\"><\/div>\n<\/div>\n<div style=\"margin-left: 8px;\">\n<div style=\"background-color: #f4f4f4; border-radius: 50%; flex-grow: 0; height: 20px; width: 20px;\"><\/div>\n<div style=\"width: 0; height: 0; border-top: 2px solid transparent; border-left: 6px solid #f4f4f4; border-bottom: 2px solid transparent; transform: translateX(16px) translateY(-4px) rotate(30deg);\"><\/div>\n<\/div>\n<div style=\"margin-left: auto;\">\n<div style=\"width: 0px; border-top: 8px solid #F4F4F4; border-right: 8px solid transparent; transform: translateY(16px);\"><\/div>\n<div style=\"background-color: #f4f4f4; flex-grow: 0; height: 12px; width: 16px; transform: translateY(-4px);\"><\/div>\n<div style=\"width: 0; height: 0; border-top: 8px solid #F4F4F4; border-left: 8px solid transparent; transform: translateY(-4px) translateX(8px);\"><\/div>\n<\/div>\n<\/div>\n<div style=\"display: flex; flex-direction: column; flex-grow: 1; justify-content: center; margin-bottom: 24px;\">\n<div style=\"background-color: #f4f4f4; border-radius: 4px; flex-grow: 0; height: 14px; margin-bottom: 6px; width: 224px;\"><\/div>\n<div style=\"background-color: #f4f4f4; border-radius: 4px; flex-grow: 0; height: 14px; width: 144px;\"><\/div>\n<\/div>\n<p>&nbsp;<\/p>\n<p style=\"color: #c9c8cd; font-family: Arial,sans-serif; font-size: 14px; line-height: 17px; margin-bottom: 0; margin-top: 8px; overflow: hidden; padding: 8px 0 7px; text-align: center; text-overflow: ellipsis; white-space: nowrap;\"><a style=\"color: #c9c8cd; font-family: Arial,sans-serif; font-size: 14px; font-style: normal; font-weight: normal; line-height: 17px; text-decoration: none;\" href=\"https:\/\/www.instagram.com\/p\/CRmSHcPhp1e\/?utm_source=ig_embed&amp;utm_campaign=loading\" target=\"_blank\" rel=\"noopener\">Una publicaci\u00f3n compartida por Picapedreros y Escultores (@taller.picapedrerosyescultores)<\/a><\/p>\n<\/div>\n<\/blockquote>\n<p><script async src=\"\/\/www.instagram.com\/embed.js\"><\/script><\/p>\n<p>&nbsp;<\/p>\n<p><strong>\u201cTambi\u00e9n tenemos para festejar este aniversario un sorteo\u201d<\/strong>, celebr\u00f3 e invit\u00f3 a todos a buscar tanto en <a href=\"https:\/\/www.facebook.com\/TallerDePicapedrerosEscultoresOlavarria\" target=\"_blank\" rel=\"noopener\">Facebook<\/a> como en<a href=\"https:\/\/www.instagram.com\/taller.picapedrerosyescultores\/\" target=\"_blank\" rel=\"noopener\">Instagram<\/a> al Taller de Picapedreros y Escultores de Olavarr\u00eda, para que vean las condiciones y que participen por una bacha tallada en piedra con materia prima local, seg\u00fan se\u00f1al\u00f3.<\/p>\n","protected":false},"excerpt":{"rendered":"<p>Nacho Cardiello, profesor y coordinador del espacio, cont\u00f3 en La Ma\u00f1ana de Radio Universidad en FM 90.1 que est\u00e1n pr\u00f3ximos<\/p>\n","protected":false},"author":4,"featured_media":28665,"comment_status":"closed","ping_status":"closed","sticky":false,"template":"","format":"standard","meta":{"_jetpack_memberships_contains_paid_content":false,"footnotes":""},"categories":[5,1],"tags":[],"class_list":["post-28664","post","type-post","status-publish","format-standard","has-post-thumbnail","hentry","category-informacion-general","category-portada"],"jetpack_featured_media_url":"https:\/\/i0.wp.com\/cdnoticias.com\/wp-content\/uploads\/2021\/08\/picapedreros.jpg?fit=866%2C489&ssl=1","jetpack_sharing_enabled":true,"_links":{"self":[{"href":"https:\/\/cdnoticias.com\/index.php\/wp-json\/wp\/v2\/posts\/28664","targetHints":{"allow":["GET"]}}],"collection":[{"href":"https:\/\/cdnoticias.com\/index.php\/wp-json\/wp\/v2\/posts"}],"about":[{"href":"https:\/\/cdnoticias.com\/index.php\/wp-json\/wp\/v2\/types\/post"}],"author":[{"embeddable":true,"href":"https:\/\/cdnoticias.com\/index.php\/wp-json\/wp\/v2\/users\/4"}],"replies":[{"embeddable":true,"href":"https:\/\/cdnoticias.com\/index.php\/wp-json\/wp\/v2\/comments?post=28664"}],"version-history":[{"count":0,"href":"https:\/\/cdnoticias.com\/index.php\/wp-json\/wp\/v2\/posts\/28664\/revisions"}],"wp:featuredmedia":[{"embeddable":true,"href":"https:\/\/cdnoticias.com\/index.php\/wp-json\/wp\/v2\/media\/28665"}],"wp:attachment":[{"href":"https:\/\/cdnoticias.com\/index.php\/wp-json\/wp\/v2\/media?parent=28664"}],"wp:term":[{"taxonomy":"category","embeddable":true,"href":"https:\/\/cdnoticias.com\/index.php\/wp-json\/wp\/v2\/categories?post=28664"},{"taxonomy":"post_tag","embeddable":true,"href":"https:\/\/cdnoticias.com\/index.php\/wp-json\/wp\/v2\/tags?post=28664"}],"curies":[{"name":"wp","href":"https:\/\/api.w.org\/{rel}","templated":true}]}}