{"id":28654,"date":"2021-08-05T17:51:39","date_gmt":"2021-08-05T20:51:39","guid":{"rendered":"http:\/\/www.centraldenoticias.com.ar\/?p=28654"},"modified":"2021-08-05T17:54:44","modified_gmt":"2021-08-05T20:54:44","slug":"el-estudio-para-combinar-sinopharm-estara-en-unas-semanas","status":"publish","type":"post","link":"https:\/\/cdnoticias.com\/index.php\/2021\/08\/05\/el-estudio-para-combinar-sinopharm-estara-en-unas-semanas\/","title":{"rendered":"El estudio para combinar Sinopharm estar\u00e1 \u201cen unas semanas\u201d"},"content":{"rendered":"<p>As\u00ed lo confirm\u00f3 el subsecretario de Estrategias Sanitarias de la Naci\u00f3n, Juan Manuel Castelli.<\/p>\n<p><!--more--><\/p>\n<hr \/>\n<p>&nbsp;<\/p>\n<p>Luego de darse a conocer <strong>este pasado mi\u00e9rcoles por Carla Vizotti<\/strong> que s<strong>e pueden combinar Sputnik V con AstraZeneca y Moderna<\/strong>, el subsecretario de <strong>Estrategias Sanitarias de la Naci\u00f3n<\/strong>, <strong>Juan Manuel Castelli<\/strong>, confirm\u00f3 que <strong>en las pr\u00f3ximas semanas estar\u00e1n los resultados de los estudios de combinaci\u00f3n entre la vacuna de Sinopharm con otros f\u00e1rmacos<\/strong>, en el marco de las estrategias para <strong>completar los esquemas de inmunizaci\u00f3n contra el coronavirus.<\/strong><\/p>\n<p>&nbsp;<\/p>\n<p>Castelli ratific\u00f3 que<strong> el objetivo del Gobierno nacional es \u201cllegar a todos los mayores de 60 con esquema completo\u201d<\/strong> de vacunaci\u00f3n contra el Covid-19.<\/p>\n<p>&nbsp;<\/p>\n<p>Por otro lado, el funcionario dijo que<strong> \u201cse est\u00e1 llevando adelante una resoluci\u00f3n\u201d<\/strong> para inocular a <strong>\u201clas personas que se vacunaron en el exterior\u201d y \u201ccompletar los esquemas\u201d.<\/strong> En este punto, destac\u00f3 que se proponen las opciones ya estudiadas.<\/p>\n<p>&nbsp;<\/p>\n<p>Adem\u00e1s, consultado sobre la <strong>Sputnik V<\/strong> dijo que <strong>esperan \u201ccontar la semana que viene ya con el primer lote de 149 mil dosis del segundo componente\u201d a las que se sumar\u00edan \u201c800 mil m\u00e1s\u201d.<\/strong> \u201cAs\u00ed que vamos a tener cerca de <strong>un mill\u00f3n a principios de la semana pr\u00f3xima<\/strong>\u201d, indic\u00f3.<\/p>\n<p>&nbsp;<\/p>\n<p>&nbsp;<\/p>\n<p><em>Fuente: DIB<\/em><\/p>\n<p>&nbsp;<\/p>\n","protected":false},"excerpt":{"rendered":"<p>As\u00ed lo confirm\u00f3 el subsecretario de Estrategias Sanitarias de la Naci\u00f3n, Juan Manuel Castelli.<\/p>\n","protected":false},"author":6,"featured_media":28655,"comment_status":"closed","ping_status":"closed","sticky":false,"template":"","format":"standard","meta":{"_jetpack_memberships_contains_paid_content":false,"footnotes":""},"categories":[6,1],"tags":[],"class_list":["post-28654","post","type-post","status-publish","format-standard","has-post-thumbnail","hentry","category-nacionales","category-portada"],"jetpack_featured_media_url":"https:\/\/i0.wp.com\/cdnoticias.com\/wp-content\/uploads\/2021\/08\/coronavirus-sinopharm.jpeg?fit=1200%2C720&ssl=1","jetpack_sharing_enabled":true,"_links":{"self":[{"href":"https:\/\/cdnoticias.com\/index.php\/wp-json\/wp\/v2\/posts\/28654","targetHints":{"allow":["GET"]}}],"collection":[{"href":"https:\/\/cdnoticias.com\/index.php\/wp-json\/wp\/v2\/posts"}],"about":[{"href":"https:\/\/cdnoticias.com\/index.php\/wp-json\/wp\/v2\/types\/post"}],"author":[{"embeddable":true,"href":"https:\/\/cdnoticias.com\/index.php\/wp-json\/wp\/v2\/users\/6"}],"replies":[{"embeddable":true,"href":"https:\/\/cdnoticias.com\/index.php\/wp-json\/wp\/v2\/comments?post=28654"}],"version-history":[{"count":0,"href":"https:\/\/cdnoticias.com\/index.php\/wp-json\/wp\/v2\/posts\/28654\/revisions"}],"wp:featuredmedia":[{"embeddable":true,"href":"https:\/\/cdnoticias.com\/index.php\/wp-json\/wp\/v2\/media\/28655"}],"wp:attachment":[{"href":"https:\/\/cdnoticias.com\/index.php\/wp-json\/wp\/v2\/media?parent=28654"}],"wp:term":[{"taxonomy":"category","embeddable":true,"href":"https:\/\/cdnoticias.com\/index.php\/wp-json\/wp\/v2\/categories?post=28654"},{"taxonomy":"post_tag","embeddable":true,"href":"https:\/\/cdnoticias.com\/index.php\/wp-json\/wp\/v2\/tags?post=28654"}],"curies":[{"name":"wp","href":"https:\/\/api.w.org\/{rel}","templated":true}]}}