{"id":28646,"date":"2021-08-05T16:17:13","date_gmt":"2021-08-05T19:17:13","guid":{"rendered":"http:\/\/www.centraldenoticias.com.ar\/?p=28646"},"modified":"2021-08-05T16:17:13","modified_gmt":"2021-08-05T19:17:13","slug":"pedro-abel-sequeira-lobito-q-e-p-d","status":"publish","type":"post","link":"https:\/\/cdnoticias.com\/index.php\/2021\/08\/05\/pedro-abel-sequeira-lobito-q-e-p-d\/","title":{"rendered":"Pedro Abel Sequeira \u201cLobito\u201d (Q.E.P.D.)"},"content":{"rendered":"<p>Falleci\u00f3 en Olavarr\u00eda el 5 de agosto a los 71 a\u00f1os de edad. Su esposa Ana Maria Zelarrallan. Sus hijos Pedro y Macarena Sequeira. Sus hijos pol\u00edticos Alejandro Bernardi y Silvina Musa. Sus nietos Brenda, Muriel y Esperanza. Sus hermanos. Sus hermanas. Sus hermanos pol\u00edticos. Sus sobrinos y dem\u00e1s deudos participan su fallecimiento.<\/p>\n<p>&nbsp;<\/p>\n<p>Sus restos ser\u00e1n velados en fecha a confirmar y cremados en Crematorio Pinos de Paz. Vecino de Villa Alfredo Fortabat. Nacido en Las Martinetas. Jubilado de Fabrica Loma Negra.<\/p>\n","protected":false},"excerpt":{"rendered":"<p>Falleci\u00f3 en Olavarr\u00eda el 5 de agosto a los 71 a\u00f1os de edad. Su esposa Ana Maria Zelarrallan. Sus hijos<\/p>\n","protected":false},"author":5,"featured_media":0,"comment_status":"closed","ping_status":"closed","sticky":false,"template":"","format":"standard","meta":{"_jetpack_memberships_contains_paid_content":false,"footnotes":""},"categories":[10],"tags":[],"class_list":["post-28646","post","type-post","status-publish","format-standard","hentry","category-necrologicas"],"jetpack_featured_media_url":"","jetpack_sharing_enabled":true,"_links":{"self":[{"href":"https:\/\/cdnoticias.com\/index.php\/wp-json\/wp\/v2\/posts\/28646","targetHints":{"allow":["GET"]}}],"collection":[{"href":"https:\/\/cdnoticias.com\/index.php\/wp-json\/wp\/v2\/posts"}],"about":[{"href":"https:\/\/cdnoticias.com\/index.php\/wp-json\/wp\/v2\/types\/post"}],"author":[{"embeddable":true,"href":"https:\/\/cdnoticias.com\/index.php\/wp-json\/wp\/v2\/users\/5"}],"replies":[{"embeddable":true,"href":"https:\/\/cdnoticias.com\/index.php\/wp-json\/wp\/v2\/comments?post=28646"}],"version-history":[{"count":0,"href":"https:\/\/cdnoticias.com\/index.php\/wp-json\/wp\/v2\/posts\/28646\/revisions"}],"wp:attachment":[{"href":"https:\/\/cdnoticias.com\/index.php\/wp-json\/wp\/v2\/media?parent=28646"}],"wp:term":[{"taxonomy":"category","embeddable":true,"href":"https:\/\/cdnoticias.com\/index.php\/wp-json\/wp\/v2\/categories?post=28646"},{"taxonomy":"post_tag","embeddable":true,"href":"https:\/\/cdnoticias.com\/index.php\/wp-json\/wp\/v2\/tags?post=28646"}],"curies":[{"name":"wp","href":"https:\/\/api.w.org\/{rel}","templated":true}]}}