{"id":28636,"date":"2022-12-19T20:42:21","date_gmt":"2022-12-19T23:42:21","guid":{"rendered":"http:\/\/centraldeportes.com.ar\/?p=28636"},"modified":"2025-02-02T21:01:49","modified_gmt":"2025-02-03T00:01:49","slug":"ignacio-pietrobono-regresa-y-juan-ignacio-barbieri-tiene-nuevo-equipo","status":"publish","type":"post","link":"https:\/\/cdnoticias.com\/index.php\/2022\/12\/19\/ignacio-pietrobono-regresa-y-juan-ignacio-barbieri-tiene-nuevo-equipo\/","title":{"rendered":"Ignacio Pietrobono regresa y Juan Ignacio Barbieri tiene nuevo equipo"},"content":{"rendered":"<p>Los futbolistas olavarrienses arreglaron condiciones para continuar su carrera en el profesionalismo y afrontar una nueva temporada en el ascenso argentino.<!--more--><\/p>\n<hr \/>\n<p>En \u00e9pocas de receso futbol\u00edstico y de renovaciones de planteles pensando en el 2023, <strong>dos jugadores oriundos de nuestra ciudad continuar\u00e1n su carrera en el f\u00fatbol de ascenso<\/strong> y pronto se incorporar\u00e1n a los entrenamientos con sus respectivos equipos.<\/p>\n<p>&nbsp;<\/p>\n<p>Por un lado, <strong>se concret\u00f3 el retorno de Ignacio Pietrobono a Defensores de Belgrano<\/strong>, equipo que milita en la Primera Nacional y que pele\u00f3 el ascenso quedando eliminado en semifinales del Reducido Final.<\/p>\n<p>&nbsp;<\/p>\n<p><strong>El arquero de 31 a\u00f1os vuelve al \u201cDrag\u00f3n\u201d tras ser cedido a San Luis de Quillota<\/strong>, entidad de la segunda divisi\u00f3n de Chile.<\/p>\n<p>&nbsp;<\/p>\n<p><img data-recalc-dims=\"1\" loading=\"lazy\" decoding=\"async\" class=\"aligncenter size-full wp-image-28637\" src=\"https:\/\/i0.wp.com\/centraldeportes.com.ar\/wp-content\/uploads\/2022\/12\/Juan-Ignacio-Barbieri.jpeg?resize=720%2C472\" alt=\"\" width=\"720\" height=\"472\" \/><\/p>\n<p>&nbsp;<\/p>\n<p>Otro de los que cambio de aires fue <strong>Juan Ignacio Barbieri<\/strong>. <strong>El delantero se convirti\u00f3 en nueva incorporaci\u00f3n del Club Atl\u00e9tico Acassuso<\/strong> y jugar\u00e1 la pr\u00f3xima temporada en la Primera B Metropolitana.<\/p>\n<p>&nbsp;<\/p>\n<p>El ex Ferro Carril Sud sum\u00f3 experiencia en la segunda categor\u00eda del f\u00fatbol argentino ya que <strong>viene de vestir la camiseta de Flandria<\/strong>, equipo que mantuvo la categor\u00eda y ahora tendr\u00e1<\/p>\n<p>&nbsp;<\/p>\n<p>Foto: <strong>Primera B de Chile<\/strong>.<\/p>\n","protected":false},"excerpt":{"rendered":"<p>Los futbolistas olavarrienses arreglaron condiciones para continuar su carrera en el profesionalismo y afrontar una nueva temporada en el ascenso<\/p>\n","protected":false},"author":96739694,"featured_media":150476,"comment_status":"closed","ping_status":"closed","sticky":false,"template":"","format":"standard","meta":{"_jetpack_memberships_contains_paid_content":false,"footnotes":""},"categories":[35,37,1],"tags":[],"class_list":["post-28636","post","type-post","status-publish","format-standard","has-post-thumbnail","hentry","category-futbol","category-futbol-profesional","category-portada"],"jetpack_featured_media_url":"https:\/\/i0.wp.com\/cdnoticias.com\/wp-content\/uploads\/2022\/12\/Ignacio-Pietrobono.jpg?fit=800%2C533&ssl=1","jetpack_sharing_enabled":true,"_links":{"self":[{"href":"https:\/\/cdnoticias.com\/index.php\/wp-json\/wp\/v2\/posts\/28636","targetHints":{"allow":["GET"]}}],"collection":[{"href":"https:\/\/cdnoticias.com\/index.php\/wp-json\/wp\/v2\/posts"}],"about":[{"href":"https:\/\/cdnoticias.com\/index.php\/wp-json\/wp\/v2\/types\/post"}],"author":[{"embeddable":true,"href":"https:\/\/cdnoticias.com\/index.php\/wp-json\/wp\/v2\/users\/96739694"}],"replies":[{"embeddable":true,"href":"https:\/\/cdnoticias.com\/index.php\/wp-json\/wp\/v2\/comments?post=28636"}],"version-history":[{"count":0,"href":"https:\/\/cdnoticias.com\/index.php\/wp-json\/wp\/v2\/posts\/28636\/revisions"}],"wp:featuredmedia":[{"embeddable":true,"href":"https:\/\/cdnoticias.com\/index.php\/wp-json\/wp\/v2\/media\/150476"}],"wp:attachment":[{"href":"https:\/\/cdnoticias.com\/index.php\/wp-json\/wp\/v2\/media?parent=28636"}],"wp:term":[{"taxonomy":"category","embeddable":true,"href":"https:\/\/cdnoticias.com\/index.php\/wp-json\/wp\/v2\/categories?post=28636"},{"taxonomy":"post_tag","embeddable":true,"href":"https:\/\/cdnoticias.com\/index.php\/wp-json\/wp\/v2\/tags?post=28636"}],"curies":[{"name":"wp","href":"https:\/\/api.w.org\/{rel}","templated":true}]}}