{"id":28624,"date":"2021-08-05T12:54:25","date_gmt":"2021-08-05T15:54:25","guid":{"rendered":"http:\/\/www.centraldenoticias.com.ar\/?p=28624"},"modified":"2021-08-05T12:54:25","modified_gmt":"2021-08-05T15:54:25","slug":"victoria-de-bellis-oficializo-la-fecha-de-su-renuncia-en-el-hcd","status":"publish","type":"post","link":"https:\/\/cdnoticias.com\/index.php\/2021\/08\/05\/victoria-de-bellis-oficializo-la-fecha-de-su-renuncia-en-el-hcd\/","title":{"rendered":"Victoria De Bellis oficializ\u00f3 la fecha de su renuncia en el HCD"},"content":{"rendered":"<p>Ser\u00e1 en la pr\u00f3xima sesi\u00f3n ordinaria, el 12 de agosto. Ratific\u00f3 los \u201cmotivos de \u00edndole personal\u201d y dese\u00f3 \u201cque la tarea legislativa siga siendo una fuente receptiva de la voz de los vecinos\u201d.\u00a0<!--more--><\/p>\n<hr \/>\n<p>Finalmente<strong>, se conoci\u00f3 la fecha de salida de Victoria De Bellis (Cuidemos Olavarr\u00eda) del HCD: ser\u00e1 en la pr\u00f3xima sesi\u00f3n ordinaria del 12 de agosto<\/strong>, cuando los concejales regresen a su tarea legislativa tras el receso invernal.<\/p>\n<p>&nbsp;<\/p>\n<p>Central de Noticias accedi\u00f3 al Expediente que se elabor\u00f3 luego de la presentaci\u00f3n de la renuncia de la edil y en una nota, dirigida al presidente del HCD Bruno Cenizo,<strong> ratific\u00f3 su ida del cuerpo deliberativo por motivos<em> \u201cde \u00edndole personal, que me obligan a fijar residencia fuera de la ciudad\u201d.<\/em><\/strong><\/p>\n<p>&nbsp;<\/p>\n<blockquote><p>Adem\u00e1s, agradeci\u00f3 a sus compa\u00f1eros en el HCD, a la presidencia del cuerpo y todo el personal administrativo \u201ccon quienes he trabajado en el marco del respeto y afecto\u201d.<\/p><\/blockquote>\n<p>&nbsp;<\/p>\n<p>Finalmente, realiz\u00f3 una reflexi\u00f3n final en la que dese\u00f3<strong><em> \u201cque la tarea legislativa siga siendo una fuente receptiva de la voz de los vecinos; con la plena convicci\u00f3n que el di\u00e1logo, la tolerancia de ideas y el compromiso con la funci\u00f3n, son valores ejemplificadores, que enriquecen la tarea legislativa en la b\u00fasqueda de soluciones a las necesidades de nuestra comunidad\u201d.<\/em><\/strong><\/p>\n<p>&nbsp;<\/p>\n<p>Teniendo en cuenta que su renuncia se tratar\u00e1 en sesi\u00f3n especial (previo a la sesi\u00f3n ordinaria del 12 de agosto) <strong>tambi\u00e9n se tratar\u00e1 la asunci\u00f3n de Pamela Juri (Frente Grande) como la reemplazante de De Bellis. Se estima, seg\u00fan lo indicado en las \u00faltimas horas, que formar\u00e1 parte del interbloque de Todos en el \u00e1mbito legislativo hasta el 10 de diciembre, fecha que finaliza el mandato.<\/strong><\/p>\n","protected":false},"excerpt":{"rendered":"<p>Ser\u00e1 en la pr\u00f3xima sesi\u00f3n ordinaria, el 12 de agosto. Ratific\u00f3 los \u201cmotivos de \u00edndole personal\u201d y dese\u00f3 \u201cque la<\/p>\n","protected":false},"author":2,"featured_media":1120,"comment_status":"closed","ping_status":"closed","sticky":false,"template":"","format":"standard","meta":{"_jetpack_memberships_contains_paid_content":false,"footnotes":""},"categories":[4,1],"tags":[],"class_list":["post-28624","post","type-post","status-publish","format-standard","has-post-thumbnail","hentry","category-politica","category-portada"],"jetpack_featured_media_url":"https:\/\/i0.wp.com\/cdnoticias.com\/wp-content\/uploads\/2020\/09\/DSC_0991.jpg?fit=2992%2C2000&ssl=1","jetpack_sharing_enabled":true,"_links":{"self":[{"href":"https:\/\/cdnoticias.com\/index.php\/wp-json\/wp\/v2\/posts\/28624","targetHints":{"allow":["GET"]}}],"collection":[{"href":"https:\/\/cdnoticias.com\/index.php\/wp-json\/wp\/v2\/posts"}],"about":[{"href":"https:\/\/cdnoticias.com\/index.php\/wp-json\/wp\/v2\/types\/post"}],"author":[{"embeddable":true,"href":"https:\/\/cdnoticias.com\/index.php\/wp-json\/wp\/v2\/users\/2"}],"replies":[{"embeddable":true,"href":"https:\/\/cdnoticias.com\/index.php\/wp-json\/wp\/v2\/comments?post=28624"}],"version-history":[{"count":0,"href":"https:\/\/cdnoticias.com\/index.php\/wp-json\/wp\/v2\/posts\/28624\/revisions"}],"wp:featuredmedia":[{"embeddable":true,"href":"https:\/\/cdnoticias.com\/index.php\/wp-json\/wp\/v2\/media\/1120"}],"wp:attachment":[{"href":"https:\/\/cdnoticias.com\/index.php\/wp-json\/wp\/v2\/media?parent=28624"}],"wp:term":[{"taxonomy":"category","embeddable":true,"href":"https:\/\/cdnoticias.com\/index.php\/wp-json\/wp\/v2\/categories?post=28624"},{"taxonomy":"post_tag","embeddable":true,"href":"https:\/\/cdnoticias.com\/index.php\/wp-json\/wp\/v2\/tags?post=28624"}],"curies":[{"name":"wp","href":"https:\/\/api.w.org\/{rel}","templated":true}]}}