{"id":28622,"date":"2021-08-05T12:08:19","date_gmt":"2021-08-05T15:08:19","guid":{"rendered":"http:\/\/www.centraldenoticias.com.ar\/?p=28622"},"modified":"2021-08-05T17:05:43","modified_gmt":"2021-08-05T20:05:43","slug":"se-suspendio-la-llegada-del-gobernador","status":"publish","type":"post","link":"https:\/\/cdnoticias.com\/index.php\/2021\/08\/05\/se-suspendio-la-llegada-del-gobernador\/","title":{"rendered":"Se suspendi\u00f3 la llegada del Gobernador"},"content":{"rendered":"<p>Dadas las condiciones clim\u00e1ticas se defini\u00f3 que Axel Kicillof no podr\u00e1 llegar hasta nuestra ciudad.<!--more--><\/p>\n<hr \/>\n<p><strong>Cerca del mediod\u00eda de este jueves se inform\u00f3 que se suspendi\u00f3 la llegada del Gobernador a Olavarr\u00eda.<\/strong><\/p>\n<p>&nbsp;<\/p>\n<p>Seg\u00fan se indic\u00f3, <strong>la visita no pudo concretarse dadas las condiciones clim\u00e1ticas adversas<\/strong> para el viaje de Axel Kicillof y sus ministros quienes no podr\u00e1 llegar hasta nuestra ciudad.<\/p>\n<p>&nbsp;<\/p>\n<p>Cabe recordar que <a href=\"https:\/\/cdnoticias.com\/index.php\/2021\/08\/05\/operativos-en-distintos-puntos-de-olavarria-para-la-llegada-de-kicillof\/\" target=\"_blank\" rel=\"noopener\">se esperaba que el mandatario arribara hacia las 10 de este jueves<\/a>, aunque horas antes ya se hab\u00eda informado oficialmente la postergaci\u00f3n.<\/p>\n<p>&nbsp;<\/p>\n<p><strong>La niebla que cubri\u00f3 la regi\u00f3n centro bonaerense no se despej\u00f3<\/strong> e impidi\u00f3 el arribo de la comitiva bonaerense, quienes no lograron salir desde La Plata.<\/p>\n","protected":false},"excerpt":{"rendered":"<p>Dadas las condiciones clim\u00e1ticas se defini\u00f3 que Axel Kicillof no podr\u00e1 llegar hasta nuestra ciudad.<\/p>\n","protected":false},"author":4,"featured_media":28609,"comment_status":"closed","ping_status":"closed","sticky":false,"template":"","format":"standard","meta":{"_jetpack_memberships_contains_paid_content":false,"footnotes":""},"categories":[4,1],"tags":[],"class_list":["post-28622","post","type-post","status-publish","format-standard","has-post-thumbnail","hentry","category-politica","category-portada"],"jetpack_featured_media_url":"https:\/\/i0.wp.com\/cdnoticias.com\/wp-content\/uploads\/2021\/08\/Anuncio-monotributo-kicillof.jpg?fit=800%2C445&ssl=1","jetpack_sharing_enabled":true,"_links":{"self":[{"href":"https:\/\/cdnoticias.com\/index.php\/wp-json\/wp\/v2\/posts\/28622","targetHints":{"allow":["GET"]}}],"collection":[{"href":"https:\/\/cdnoticias.com\/index.php\/wp-json\/wp\/v2\/posts"}],"about":[{"href":"https:\/\/cdnoticias.com\/index.php\/wp-json\/wp\/v2\/types\/post"}],"author":[{"embeddable":true,"href":"https:\/\/cdnoticias.com\/index.php\/wp-json\/wp\/v2\/users\/4"}],"replies":[{"embeddable":true,"href":"https:\/\/cdnoticias.com\/index.php\/wp-json\/wp\/v2\/comments?post=28622"}],"version-history":[{"count":0,"href":"https:\/\/cdnoticias.com\/index.php\/wp-json\/wp\/v2\/posts\/28622\/revisions"}],"wp:featuredmedia":[{"embeddable":true,"href":"https:\/\/cdnoticias.com\/index.php\/wp-json\/wp\/v2\/media\/28609"}],"wp:attachment":[{"href":"https:\/\/cdnoticias.com\/index.php\/wp-json\/wp\/v2\/media?parent=28622"}],"wp:term":[{"taxonomy":"category","embeddable":true,"href":"https:\/\/cdnoticias.com\/index.php\/wp-json\/wp\/v2\/categories?post=28622"},{"taxonomy":"post_tag","embeddable":true,"href":"https:\/\/cdnoticias.com\/index.php\/wp-json\/wp\/v2\/tags?post=28622"}],"curies":[{"name":"wp","href":"https:\/\/api.w.org\/{rel}","templated":true}]}}