{"id":28617,"date":"2021-08-05T11:50:11","date_gmt":"2021-08-05T14:50:11","guid":{"rendered":"http:\/\/www.centraldenoticias.com.ar\/?p=28617"},"modified":"2021-08-05T11:50:11","modified_gmt":"2021-08-05T14:50:11","slug":"la-maxima-se-centra-en-programas-de-conservacion-y-educacion-ambiental","status":"publish","type":"post","link":"https:\/\/cdnoticias.com\/index.php\/2021\/08\/05\/la-maxima-se-centra-en-programas-de-conservacion-y-educacion-ambiental\/","title":{"rendered":"\u201cLa M\u00e1xima\u201d se centra en programas de conservaci\u00f3n y educaci\u00f3n ambiental"},"content":{"rendered":"<p>Desde el Municipio se enfatiz\u00f3 la \u201ctransformaci\u00f3n\u201d del bioparque. La pr\u00f3xima liberaci\u00f3n de una pichona de c\u00f3ndor. Un convenio de asesoramiento con CABA, podr\u00eda derivar en la llegada de vicu\u00f1as y guanacos.<!--more--><\/p>\n<hr \/>\n<p><strong>Desde hace algunos a\u00f1os, el Bioparque Municipal \u201cLa M\u00e1xima\u201d se encuentra en un proceso de transformaci\u00f3n<\/strong>. Se ha propuesto realizar un abordaje y trabajo conjunto con diferentes instituciones referentes para dar <strong>un salto de calidad en los Programas de Conservaci\u00f3n de Especies<\/strong>, con el objetivo de pensar en un espacio reconocido, no solo regional y provincialmente, sino tambi\u00e9n a nivel nacional.<\/p>\n<p>&nbsp;<\/p>\n<p>En este marco,<strong> el intendente Ezequiel Galli junto al secretario de Desarrollo Humano y Calidad de Vida Diego Robbiani y el presidente del HCD Bruno Cenizo<\/strong>, ambos actualmente precandidatos, visitaron el lugar y fueron recibidos por el director del Bioparque Flavio Maldonado y referentes de ONGS.<\/p>\n<p>&nbsp;<\/p>\n<blockquote><p>En la recorrida por los ambientes de La M\u00e1xima, se hizo especial hincapi\u00e9 en los programas de conservaci\u00f3n. El m\u00e1s reconocido es el de c\u00f3ndor andino y pronto ser\u00e1 la liberaci\u00f3n de la primera pichona en Sierras de Pailem\u00e1n. Tambi\u00e9n ya se desarrollan los de guacamayos rojos, pecar\u00edes de collar, tapires, entre otros.<\/p><\/blockquote>\n<p>&nbsp;<\/p>\n<p><img data-recalc-dims=\"1\" loading=\"lazy\" decoding=\"async\" class=\"size-large wp-image-28620 aligncenter\" src=\"https:\/\/i0.wp.com\/cdnoticias.com\/wp-content\/uploads\/2021\/08\/La-M%C3%A1xima-Nacimiento-C%C3%B3ndor-1024x576-1024x576.jpeg?resize=800%2C450&#038;ssl=1\" alt=\"\" width=\"800\" height=\"450\" srcset=\"https:\/\/i0.wp.com\/cdnoticias.com\/wp-content\/uploads\/2021\/08\/La-M%C3%A1xima-Nacimiento-C%C3%B3ndor-1024x576.jpeg?resize=1024%2C576&amp;ssl=1 1024w, https:\/\/i0.wp.com\/cdnoticias.com\/wp-content\/uploads\/2021\/08\/La-M%C3%A1xima-Nacimiento-C%C3%B3ndor-1024x576.jpeg?resize=300%2C169&amp;ssl=1 300w, https:\/\/i0.wp.com\/cdnoticias.com\/wp-content\/uploads\/2021\/08\/La-M%C3%A1xima-Nacimiento-C%C3%B3ndor-1024x576.jpeg?resize=768%2C432&amp;ssl=1 768w\" sizes=\"auto, (max-width: 800px) 100vw, 800px\" \/><\/p>\n<p>&nbsp;<\/p>\n<p>\u201cEn este sentido, se dialog\u00f3 acerca de una<strong> pr\u00f3xima firma de convenio con el Gobierno de la Ciudad de Buenos Aires<\/strong>, para la colaboraci\u00f3n con el Ecoparque Buenos Aires en asesoramiento y programas de conservaci\u00f3n y la posibilidad de derivar a nuestro parque <strong>vicu\u00f1as y guanacos<\/strong>: animales aut\u00f3ctonos que entran dentro de los programas y tambi\u00e9n en proyectos de educaci\u00f3n ambiental\u201d se inform\u00f3 desde la Municipalidad.<\/p>\n<p>&nbsp;<\/p>\n<p>Se adelant\u00f3 tambi\u00e9n que otro de los proyectos actuales reside en la <strong>posibilidad de construir ambientes para tapires<\/strong> y su conservaci\u00f3n.<\/p>\n<p>&nbsp;<\/p>\n<p><img data-recalc-dims=\"1\" loading=\"lazy\" decoding=\"async\" class=\"size-large wp-image-28619 aligncenter\" src=\"https:\/\/i0.wp.com\/cdnoticias.com\/wp-content\/uploads\/2021\/08\/La-M%C3%A1xima-Mural-Guacamayos-1-1024x683-1024x683.jpg?resize=800%2C534&#038;ssl=1\" alt=\"\" width=\"800\" height=\"534\" srcset=\"https:\/\/i0.wp.com\/cdnoticias.com\/wp-content\/uploads\/2021\/08\/La-M%C3%A1xima-Mural-Guacamayos-1-1024x683.jpg?resize=1024%2C683&amp;ssl=1 1024w, https:\/\/i0.wp.com\/cdnoticias.com\/wp-content\/uploads\/2021\/08\/La-M%C3%A1xima-Mural-Guacamayos-1-1024x683.jpg?resize=300%2C200&amp;ssl=1 300w, https:\/\/i0.wp.com\/cdnoticias.com\/wp-content\/uploads\/2021\/08\/La-M%C3%A1xima-Mural-Guacamayos-1-1024x683.jpg?resize=768%2C512&amp;ssl=1 768w, https:\/\/i0.wp.com\/cdnoticias.com\/wp-content\/uploads\/2021\/08\/La-M%C3%A1xima-Mural-Guacamayos-1-1024x683.jpg?resize=272%2C182&amp;ssl=1 272w\" sizes=\"auto, (max-width: 800px) 100vw, 800px\" \/><\/p>\n<p>&nbsp;<\/p>\n<blockquote><p>En ese marco se apunt\u00f3 a la \u201ctransformaci\u00f3n\u201d de este predio municipal: \u201cel cambio de La M\u00e1xima se centra en dejar de lado las especies ex\u00f3ticas y enfocar en animales de nuestros ambientes naturales. Aqu\u00ed, adem\u00e1s, cobra especial importancia la creaci\u00f3n de la Reserva Municipal Natural Urbana, que representa los biomas de pastizal y llanuras pampeanas, con posibilidad cierta de reconstituir un Ecosistema y generar uno de los parques biol\u00f3gicos de conservaci\u00f3n del centro de la provincia de Buenos Aires\u201d.<\/p><\/blockquote>\n<p>&nbsp;<\/p>\n<p>Cabe recordar que es un proyecto que cuenta con el apoyo de diferentes instituciones y miembros referentes de la comunidad: \u201cconstituir esta primera Reserva hace pensar en una <strong>Red de Reservas en Olavarr\u00eda<\/strong> que apunten a la generaci\u00f3n de conservaci\u00f3n, producci\u00f3n de naturaleza y desarrollo de nuevos paradigmas\u201d se indic\u00f3.<\/p>\n","protected":false},"excerpt":{"rendered":"<p>Desde el Municipio se enfatiz\u00f3 la \u201ctransformaci\u00f3n\u201d del bioparque. La pr\u00f3xima liberaci\u00f3n de una pichona de c\u00f3ndor. Un convenio de<\/p>\n","protected":false},"author":4,"featured_media":28618,"comment_status":"closed","ping_status":"closed","sticky":false,"template":"","format":"standard","meta":{"_jetpack_memberships_contains_paid_content":false,"footnotes":""},"categories":[5,1],"tags":[],"class_list":["post-28617","post","type-post","status-publish","format-standard","has-post-thumbnail","hentry","category-informacion-general","category-portada"],"jetpack_featured_media_url":"https:\/\/i0.wp.com\/cdnoticias.com\/wp-content\/uploads\/2021\/08\/DH-Recorrida-La-Maxima-2-1024x685.jpg?fit=1024%2C685&ssl=1","jetpack_sharing_enabled":true,"_links":{"self":[{"href":"https:\/\/cdnoticias.com\/index.php\/wp-json\/wp\/v2\/posts\/28617","targetHints":{"allow":["GET"]}}],"collection":[{"href":"https:\/\/cdnoticias.com\/index.php\/wp-json\/wp\/v2\/posts"}],"about":[{"href":"https:\/\/cdnoticias.com\/index.php\/wp-json\/wp\/v2\/types\/post"}],"author":[{"embeddable":true,"href":"https:\/\/cdnoticias.com\/index.php\/wp-json\/wp\/v2\/users\/4"}],"replies":[{"embeddable":true,"href":"https:\/\/cdnoticias.com\/index.php\/wp-json\/wp\/v2\/comments?post=28617"}],"version-history":[{"count":0,"href":"https:\/\/cdnoticias.com\/index.php\/wp-json\/wp\/v2\/posts\/28617\/revisions"}],"wp:featuredmedia":[{"embeddable":true,"href":"https:\/\/cdnoticias.com\/index.php\/wp-json\/wp\/v2\/media\/28618"}],"wp:attachment":[{"href":"https:\/\/cdnoticias.com\/index.php\/wp-json\/wp\/v2\/media?parent=28617"}],"wp:term":[{"taxonomy":"category","embeddable":true,"href":"https:\/\/cdnoticias.com\/index.php\/wp-json\/wp\/v2\/categories?post=28617"},{"taxonomy":"post_tag","embeddable":true,"href":"https:\/\/cdnoticias.com\/index.php\/wp-json\/wp\/v2\/tags?post=28617"}],"curies":[{"name":"wp","href":"https:\/\/api.w.org\/{rel}","templated":true}]}}