{"id":28586,"date":"2021-08-04T21:06:32","date_gmt":"2021-08-04T23:51:07","guid":{"rendered":"http:\/\/www.centraldenoticias.com.ar\/?p=28586"},"modified":"2025-01-28T00:05:15","modified_gmt":"2025-01-28T03:05:15","slug":"lucas-diaz-aspiroz-desde-el-vuelo-perdieron-mi-valija-y-recien-empece-a-entrenar","status":"publish","type":"post","link":"https:\/\/cdnoticias.com\/index.php\/2021\/08\/04\/lucas-diaz-aspiroz-desde-el-vuelo-perdieron-mi-valija-y-recien-empece-a-entrenar\/","title":{"rendered":"Lucas D\u00edaz Aspiroz: \u201cDesde el vuelo perdieron mi valija y reci\u00e9n empec\u00e9 a entrenar\u201d"},"content":{"rendered":"<p>El palista olavarriense que lleg\u00f3 a Rep\u00fablica Checa el pasado lunes, habl\u00f3 con La Ma\u00f1ana de Radio Universidad y cont\u00f3 que reci\u00e9n este mi\u00e9rcoles pudo unirse a los entrenamientos del equipo argentino de paracanotaje porque \u201cme falt\u00f3 1 de las valijas y reci\u00e9n me lleg\u00f3 en las \u00faltimas horas\u201d.<\/p>\n<p><!--more--><\/p>\n<hr \/>\n<p>Lucas D\u00edaz Aspiroz ultima los detalles para competir en sus segundo Juegos Paral\u00edmpicos, pero en su arribo a Rep\u00fablica Checa para sumarse al equipo nacional debi\u00f3 hacer frente a una inesperada situaci\u00f3n: \u201c<strong><em>Me falt\u00f3 una de las valijas donde ten\u00eda la pala y dem\u00e1s cosas del kayak, se perdi\u00f3 en el vuelo. Me lleg\u00f3 en las \u00faltimas horas, ya a la ma\u00f1ana pude entrenar y estar tranquilo<\/em><\/strong>\u201d.<\/p>\n<p>&nbsp;<\/p>\n<p>En di\u00e1logo con La Ma\u00f1ana de Radio Universidad cont\u00f3 que debido al extrav\u00edo de sus instrumentos no pudo entrenar y que \u201c<strong><em>acomplejan la competencia, pero sabiendo que faltan pocos d\u00edas tambi\u00e9n quiero aprovechar esto que queda de la mejor manera para poder llegar a los Juegos Paral\u00edmpicos<\/em><\/strong>\u201d.<\/p>\n<p>&nbsp;<\/p>\n<p>El representante del Club Estudiantes hizo menci\u00f3n a un d\u00eda en Rep\u00fablica Checa que incluye mucho entrenamiento en el agua para llegar de la mejor manera a Tokio a pesar de una lesi\u00f3n lumbar que complic\u00f3 sus \u00faltimas semanas de preparaci\u00f3n en Olavarr\u00eda: \u201c<strong><em>La lesi\u00f3n no me permit\u00eda entrenar porque el dolor era muy intenso, pero gracias a los profesionales de la salud que tenemos en Olavarr\u00eda que me dieron una mano para estar de la mejor manera, ya puedo entrenar y cuando vuelva tendr\u00e9 que tomar cartas en el asunto para solucionarlo, pero hoy las expectativas son diferentes a las de hace un par de meses<\/em><\/strong>\u201d.<\/p>\n<p>&nbsp;<\/p>\n<blockquote><p>\u201cS\u00e9 que no lleg\u00f3 de la mejor manera, pero voy a dejar todo para tratar de llegar a la Final A, es dif\u00edcil pero no imposible\u201d<\/p><\/blockquote>\n<p>&nbsp;<\/p>\n<p>D\u00edaz Aspiroz que vivir\u00e1 su segunda experiencia paral\u00edmpica no obvi\u00f3 hablar de la actuaci\u00f3n de Agust\u00edn Vernice: \u201c<strong><em>Es incre\u00edble lo que hizo, el que no conoce mucho de este deporte quiz\u00e1 no toma noci\u00f3n de lo que hizo Agust\u00edn porque la verdad que estar ah\u00ed entre los 8, fue es grand\u00edsimo<\/em><\/strong>\u201d, antes de agradecer las incansables muestras de afecto.<\/p>\n","protected":false},"excerpt":{"rendered":"<p>El palista olavarriense que lleg\u00f3 a Rep\u00fablica Checa el pasado lunes, habl\u00f3 con La Ma\u00f1ana de Radio Universidad y cont\u00f3<\/p>\n","protected":false},"author":96739694,"featured_media":143053,"comment_status":"closed","ping_status":"closed","sticky":false,"template":"","format":"standard","meta":{"_jetpack_memberships_contains_paid_content":false,"footnotes":""},"categories":[30,1],"tags":[],"class_list":["post-28586","post","type-post","status-publish","format-standard","has-post-thumbnail","hentry","category-polideportivo","category-portada"],"jetpack_featured_media_url":"https:\/\/i0.wp.com\/cdnoticias.com\/wp-content\/uploads\/2021\/08\/231844354_10159498220095406_1526410888015468763_n-e1628119637280.jpg?fit=1440%2C1066&ssl=1","jetpack_sharing_enabled":true,"_links":{"self":[{"href":"https:\/\/cdnoticias.com\/index.php\/wp-json\/wp\/v2\/posts\/28586","targetHints":{"allow":["GET"]}}],"collection":[{"href":"https:\/\/cdnoticias.com\/index.php\/wp-json\/wp\/v2\/posts"}],"about":[{"href":"https:\/\/cdnoticias.com\/index.php\/wp-json\/wp\/v2\/types\/post"}],"author":[{"embeddable":true,"href":"https:\/\/cdnoticias.com\/index.php\/wp-json\/wp\/v2\/users\/96739694"}],"replies":[{"embeddable":true,"href":"https:\/\/cdnoticias.com\/index.php\/wp-json\/wp\/v2\/comments?post=28586"}],"version-history":[{"count":0,"href":"https:\/\/cdnoticias.com\/index.php\/wp-json\/wp\/v2\/posts\/28586\/revisions"}],"wp:featuredmedia":[{"embeddable":true,"href":"https:\/\/cdnoticias.com\/index.php\/wp-json\/wp\/v2\/media\/143053"}],"wp:attachment":[{"href":"https:\/\/cdnoticias.com\/index.php\/wp-json\/wp\/v2\/media?parent=28586"}],"wp:term":[{"taxonomy":"category","embeddable":true,"href":"https:\/\/cdnoticias.com\/index.php\/wp-json\/wp\/v2\/categories?post=28586"},{"taxonomy":"post_tag","embeddable":true,"href":"https:\/\/cdnoticias.com\/index.php\/wp-json\/wp\/v2\/tags?post=28586"}],"curies":[{"name":"wp","href":"https:\/\/api.w.org\/{rel}","templated":true}]}}