{"id":28572,"date":"2021-08-04T19:25:06","date_gmt":"2021-08-04T22:25:06","guid":{"rendered":"http:\/\/www.centraldenoticias.com.ar\/?p=28572"},"modified":"2021-08-04T19:26:50","modified_gmt":"2021-08-04T22:26:50","slug":"diputados-se-refirieron-a-la-importancia-de-trabajar-en-proyectos-educativos","status":"publish","type":"post","link":"https:\/\/cdnoticias.com\/index.php\/2021\/08\/04\/diputados-se-refirieron-a-la-importancia-de-trabajar-en-proyectos-educativos\/","title":{"rendered":"Diputados se refirieron a la importancia de trabajar en proyectos educativos"},"content":{"rendered":"<p>Legisladores de distintas fuerzas pol\u00edticas destacaron la importancia de trabajar desde el Congreso Nacional en medidas de promoci\u00f3n de la educaci\u00f3n en todos los niveles.<!--more--><\/p>\n<hr \/>\n<p>El diputado Juan Mart\u00edn, del bloque de la UCR, resalt\u00f3<strong> la necesidad de tomar \u201cla decisi\u00f3n pol\u00edtica desde el Congreso\u201d de poner a la educaci\u00f3n en \u201cel primer lugar de prioridad\u201d<\/strong>. \u201cLa educaci\u00f3n nos hace libres, ciudadanos plenos y nos da la oportunidad de desplegar todo el potencial que tenemos, que en Argentina es extraordinario\u201d, remarc\u00f3.<\/p>\n<p>&nbsp;<\/p>\n<p>En esta l\u00ednea, Karim Alume, del Frente de Todos, present\u00f3 un<strong> proyecto de para crear un Programa Federal de Cr\u00e9dito Educativo \u201cpara que no existan barreras econ\u00f3micas de acceso a la educaci\u00f3n universitaria\u201d.<\/strong><\/p>\n<p>&nbsp;<\/p>\n<div class=\"jetpack-video-wrapper\"><iframe loading=\"lazy\" width=\"800\" height=\"450\" src=\"https:\/\/www.youtube.com\/embed\/SJ4bmSNM4iA?feature=oembed\" frameborder=\"0\" allow=\"accelerometer; autoplay; clipboard-write; encrypted-media; gyroscope; picture-in-picture\" allowfullscreen><\/iframe><\/div>\n<p>&nbsp;<\/p>\n<p>\u201cEste es un puntapi\u00e9 que apunta a la <strong>posibilidad de financiar esos gastos que a muchos chicos del interior les implica una barrera econ\u00f3mica<\/strong> y que les imposibilita lograr sus anhelos y vocaci\u00f3n\u201d, explic\u00f3.<\/p>\n<p>&nbsp;<\/p>\n<p>El legislador detall\u00f3 que se trata de un cr\u00e9dito y no un subsidio y apunta a que los beneficiados \u201cpuedan pagarlo cuando tengan la posibilidad y que<strong> esos recursos refinancien el sistema, pudi\u00e9ndole dar posibilidades a otros chicos<\/strong>\u201d.<\/p>\n","protected":false},"excerpt":{"rendered":"<p>Legisladores de distintas fuerzas pol\u00edticas destacaron la importancia de trabajar desde el Congreso Nacional en medidas de promoci\u00f3n de la<\/p>\n","protected":false},"author":3,"featured_media":28574,"comment_status":"closed","ping_status":"closed","sticky":false,"template":"","format":"standard","meta":{"_jetpack_memberships_contains_paid_content":false,"footnotes":""},"categories":[6,1],"tags":[],"class_list":["post-28572","post","type-post","status-publish","format-standard","has-post-thumbnail","hentry","category-nacionales","category-portada"],"jetpack_featured_media_url":"https:\/\/i0.wp.com\/cdnoticias.com\/wp-content\/uploads\/2021\/08\/diputados.jpg?fit=795%2C445&ssl=1","jetpack_sharing_enabled":true,"_links":{"self":[{"href":"https:\/\/cdnoticias.com\/index.php\/wp-json\/wp\/v2\/posts\/28572","targetHints":{"allow":["GET"]}}],"collection":[{"href":"https:\/\/cdnoticias.com\/index.php\/wp-json\/wp\/v2\/posts"}],"about":[{"href":"https:\/\/cdnoticias.com\/index.php\/wp-json\/wp\/v2\/types\/post"}],"author":[{"embeddable":true,"href":"https:\/\/cdnoticias.com\/index.php\/wp-json\/wp\/v2\/users\/3"}],"replies":[{"embeddable":true,"href":"https:\/\/cdnoticias.com\/index.php\/wp-json\/wp\/v2\/comments?post=28572"}],"version-history":[{"count":0,"href":"https:\/\/cdnoticias.com\/index.php\/wp-json\/wp\/v2\/posts\/28572\/revisions"}],"wp:featuredmedia":[{"embeddable":true,"href":"https:\/\/cdnoticias.com\/index.php\/wp-json\/wp\/v2\/media\/28574"}],"wp:attachment":[{"href":"https:\/\/cdnoticias.com\/index.php\/wp-json\/wp\/v2\/media?parent=28572"}],"wp:term":[{"taxonomy":"category","embeddable":true,"href":"https:\/\/cdnoticias.com\/index.php\/wp-json\/wp\/v2\/categories?post=28572"},{"taxonomy":"post_tag","embeddable":true,"href":"https:\/\/cdnoticias.com\/index.php\/wp-json\/wp\/v2\/tags?post=28572"}],"curies":[{"name":"wp","href":"https:\/\/api.w.org\/{rel}","templated":true}]}}