{"id":28563,"date":"2021-08-04T18:25:54","date_gmt":"2021-08-04T21:25:54","guid":{"rendered":"http:\/\/www.centraldenoticias.com.ar\/?p=28563"},"modified":"2021-08-05T09:05:56","modified_gmt":"2021-08-05T12:05:56","slug":"alejandro-celillo-es-un-frente-que-prescinde-de-los-egoismos","status":"publish","type":"post","link":"https:\/\/cdnoticias.com\/index.php\/2021\/08\/04\/alejandro-celillo-es-un-frente-que-prescinde-de-los-egoismos\/","title":{"rendered":"Alejandro Cellillo: \u201cEs un frente que prescinde de los ego\u00edsmos\u201d"},"content":{"rendered":"<p>El precandidato a Senador Provincial fue parte de la visita de Danya Tavela a Olavarr\u00eda y en ese marco dialog\u00f3 a solas con Central de Noticias. \u201cLa gesti\u00f3n de la pandemia ha sido de regular a mala\u201d, cuestion\u00f3.<!--more--><\/p>\n<hr \/>\n<p>El clima electoral ya se vive y se siente en Olavarr\u00eda. As\u00ed qued\u00f3 plasmado en el inicio de la tarde de este mi\u00e9rcoles con el <a href=\"https:\/\/cdnoticias.com\/index.php\/2021\/08\/04\/tavela-necesitamos-un-estado-que-estimule-y-no-ahogue-el-sistema-productivo\/\" target=\"_blank\" rel=\"noopener\">arribo de Danya Tavela y referentes regionales del espacio \u201cDar el Paso\u201d<\/a> que integra el espacio Juntos que tiene como m\u00e1ximo referente a Facundo Manes, quien encabeza la lista como precandidato a Diputado Nacional. <strong>La visita incluy\u00f3 varias actividades y una recorrido que como itinerario tuvo a las Facultades de Sociales e Ingenier\u00eda, para concluir en el puente Lucio Florinda con un encuentro con mujeres y referentes del radicalismo local.<\/strong><\/p>\n<p>&nbsp;<\/p>\n<p><img data-recalc-dims=\"1\" loading=\"lazy\" decoding=\"async\" class=\"alignnone size-large wp-image-28539\" src=\"https:\/\/i0.wp.com\/cdnoticias.com\/wp-content\/uploads\/2021\/08\/Tavela02.jpg?resize=800%2C445&#038;ssl=1\" alt=\"\" width=\"800\" height=\"445\" srcset=\"https:\/\/i0.wp.com\/cdnoticias.com\/wp-content\/uploads\/2021\/08\/Tavela02.jpg?resize=1024%2C570&amp;ssl=1 1024w, https:\/\/i0.wp.com\/cdnoticias.com\/wp-content\/uploads\/2021\/08\/Tavela02.jpg?resize=300%2C167&amp;ssl=1 300w, https:\/\/i0.wp.com\/cdnoticias.com\/wp-content\/uploads\/2021\/08\/Tavela02.jpg?resize=768%2C428&amp;ssl=1 768w, https:\/\/i0.wp.com\/cdnoticias.com\/wp-content\/uploads\/2021\/08\/Tavela02.jpg?resize=800%2C445&amp;ssl=1 800w, https:\/\/i0.wp.com\/cdnoticias.com\/wp-content\/uploads\/2021\/08\/Tavela02.jpg?w=1491&amp;ssl=1 1491w\" sizes=\"auto, (max-width: 800px) 100vw, 800px\" \/><\/p>\n<p>&nbsp;<\/p>\n<p>Quien tom\u00f3 parte activa de esta visita fue Alejandro Cellillo, actual vicepresidente del Senado Bonaerense y quien en las pr\u00f3ximas elecciones encabeza la lista para lograr la renovaci\u00f3n de esa banca. Concluida la conferencia de prensa que tuvo como escenario un restaurante c\u00e9ntrico, el legislador dialog\u00f3 a solas con <em>Central de Noticias<\/em> y enfatiz\u00f3 que dese marzo, cuando se realizaron las elecciones internadas de la UCR <strong>\u201cse estableci\u00f3 una nueva relaci\u00f3n de fuerzas, se reagrup\u00f3 el radicalismo pero orientado a una nueva posici\u00f3n de protagonismo dentro del espacio que ahora se llama Juntos\u201d<\/strong>.<\/p>\n<p>&nbsp;<\/p>\n<p>All\u00ed fue que puso el acento en<strong> la figura de Facundo Manes como \u201cfactor aglutinante\u201d<\/strong>. \u201cQuienes fueron adversarios en la contienda interna hoy est\u00e1n trabajando con nosotros\u201d, agreg\u00f3 mientras hac\u00eda referencia al espacio Evoluci\u00f3n de Mart\u00edn Lousteau, facci\u00f3n que en la ciudad preside el Comit\u00e9 Radical. <strong>\u201cLa apertura hace una propuesta mucha m\u00e1s amplia. Involucra a Emilio Monz\u00f3 y su sector pol\u00edtico, a Jes\u00fas De la Torre y una parte del peronismo republicano, el no kirchnerista, y concluye tambi\u00e9n el GEN. Tenemos varias agrupaciones pol\u00edticas que coinciden en un frente que prescinde de los ego\u00edsmos, que ha sido muy generoso en la distribuci\u00f3n de las candidaturas\u201d<\/strong>, complet\u00f3.<\/p>\n<p>&nbsp;<\/p>\n<p><img data-recalc-dims=\"1\" loading=\"lazy\" decoding=\"async\" class=\"alignnone size-large wp-image-28553\" src=\"https:\/\/i0.wp.com\/cdnoticias.com\/wp-content\/uploads\/2021\/08\/cellillo01.jpg?resize=800%2C534&#038;ssl=1\" alt=\"\" width=\"800\" height=\"534\" srcset=\"https:\/\/i0.wp.com\/cdnoticias.com\/wp-content\/uploads\/2021\/08\/cellillo01.jpg?resize=1024%2C683&amp;ssl=1 1024w, https:\/\/i0.wp.com\/cdnoticias.com\/wp-content\/uploads\/2021\/08\/cellillo01.jpg?resize=300%2C200&amp;ssl=1 300w, https:\/\/i0.wp.com\/cdnoticias.com\/wp-content\/uploads\/2021\/08\/cellillo01.jpg?resize=768%2C512&amp;ssl=1 768w, https:\/\/i0.wp.com\/cdnoticias.com\/wp-content\/uploads\/2021\/08\/cellillo01.jpg?resize=272%2C182&amp;ssl=1 272w, https:\/\/i0.wp.com\/cdnoticias.com\/wp-content\/uploads\/2021\/08\/cellillo01.jpg?w=1600&amp;ssl=1 1600w, https:\/\/i0.wp.com\/cdnoticias.com\/wp-content\/uploads\/2021\/08\/cellillo01.jpg?w=2400&amp;ssl=1 2400w\" sizes=\"auto, (max-width: 800px) 100vw, 800px\" \/><\/p>\n<p>&nbsp;<\/p>\n<p>En ese marco fue que habl\u00f3 tambi\u00e9n de c\u00f3mo esta postura da respuesta a un reclamo que provino no solo desde el partido, sino tambi\u00e9n de la comunidad en general. \u201cEstamos escuchando a la gente, no solo es tener una propuesta, sino tambi\u00e9n escuchar, tomar el pulso a la gente, a la calle\u201d, se\u00f1al\u00f3 y dirigi\u00f3 tambi\u00e9n cr\u00edticas hacia el gobierno, tomando precisamente las inquietudes y preocupaciones que reciben de los vecinos. <strong>\u201cLa gesti\u00f3n de la pandemia ha sido de regular a mala\u201d, critic\u00f3 y cuestion\u00f3 al gobierno de \u201ccambiar rumbos constantemente\u201d.<\/strong><\/p>\n<p>&nbsp;<\/p>\n<p>Por \u00faltimo, detall\u00f3 que el objetivo es avanzar en la \u201conda expansiva de esta pandemia\u201d que ha generado, seg\u00fan enumer\u00f3, consecuencias a nivel econ\u00f3mico, social, familiar y laboral. All\u00ed, al igual que lo remarcado por Tavela, puso el acento en<strong> la educaci\u00f3n, \u201cque sea un tema central de las pol\u00edticas de gobierno\u201d, reclam\u00f3 y detall\u00f3 que eso es lo que dar\u00e1 \u201cmejores posibilidades recuperaci\u00f3n\u201d.<\/strong><\/p>\n","protected":false},"excerpt":{"rendered":"<p>El precandidato a Senador Provincial fue parte de la visita de Danya Tavela a Olavarr\u00eda y en ese marco dialog\u00f3<\/p>\n","protected":false},"author":3,"featured_media":28554,"comment_status":"closed","ping_status":"closed","sticky":false,"template":"","format":"standard","meta":{"_jetpack_memberships_contains_paid_content":false,"footnotes":""},"categories":[4,1],"tags":[],"class_list":["post-28563","post","type-post","status-publish","format-standard","has-post-thumbnail","hentry","category-politica","category-portada"],"jetpack_featured_media_url":"https:\/\/i0.wp.com\/cdnoticias.com\/wp-content\/uploads\/2021\/08\/cellillo02.jpg?fit=4608%2C3072&ssl=1","jetpack_sharing_enabled":true,"_links":{"self":[{"href":"https:\/\/cdnoticias.com\/index.php\/wp-json\/wp\/v2\/posts\/28563","targetHints":{"allow":["GET"]}}],"collection":[{"href":"https:\/\/cdnoticias.com\/index.php\/wp-json\/wp\/v2\/posts"}],"about":[{"href":"https:\/\/cdnoticias.com\/index.php\/wp-json\/wp\/v2\/types\/post"}],"author":[{"embeddable":true,"href":"https:\/\/cdnoticias.com\/index.php\/wp-json\/wp\/v2\/users\/3"}],"replies":[{"embeddable":true,"href":"https:\/\/cdnoticias.com\/index.php\/wp-json\/wp\/v2\/comments?post=28563"}],"version-history":[{"count":0,"href":"https:\/\/cdnoticias.com\/index.php\/wp-json\/wp\/v2\/posts\/28563\/revisions"}],"wp:featuredmedia":[{"embeddable":true,"href":"https:\/\/cdnoticias.com\/index.php\/wp-json\/wp\/v2\/media\/28554"}],"wp:attachment":[{"href":"https:\/\/cdnoticias.com\/index.php\/wp-json\/wp\/v2\/media?parent=28563"}],"wp:term":[{"taxonomy":"category","embeddable":true,"href":"https:\/\/cdnoticias.com\/index.php\/wp-json\/wp\/v2\/categories?post=28563"},{"taxonomy":"post_tag","embeddable":true,"href":"https:\/\/cdnoticias.com\/index.php\/wp-json\/wp\/v2\/tags?post=28563"}],"curies":[{"name":"wp","href":"https:\/\/api.w.org\/{rel}","templated":true}]}}