{"id":28549,"date":"2021-08-04T17:16:28","date_gmt":"2021-08-04T20:37:54","guid":{"rendered":"http:\/\/www.centraldenoticias.com.ar\/?p=28549"},"modified":"2025-01-28T00:05:20","modified_gmt":"2025-01-28T03:05:20","slug":"buscaran-otorgar-el-honor-al-merito-ciudadano-a-agustin-vernice","status":"publish","type":"post","link":"https:\/\/cdnoticias.com\/index.php\/2021\/08\/04\/buscaran-otorgar-el-honor-al-merito-ciudadano-a-agustin-vernice\/","title":{"rendered":"Buscar\u00e1n otorgar el \u201cHonor al M\u00e9rito Ciudadano\u201d a Agust\u00edn Vernice"},"content":{"rendered":"<p>Representantes del Bloque Juntos presentaron un proyecto en el Honorable Concejo Deliberante para reconocer a Agust\u00edn Vernice tras su destacada actuaci\u00f3n en los Juegos Ol\u00edmpicos de Tokio.<!--more--><\/p>\n<hr \/>\n<p>Los concejales de Juntos presentaron un proyecto para distinguir al palista que integr\u00f3 la delegaci\u00f3n Argentina en los Juegos Ol\u00edmpicos de Tokio con el galard\u00f3n de &#8220;Honor al M\u00e9rito Ciudadano&#8221;.<\/p>\n<p>Desde el Bloque expresaron que &#8220;<em><strong>consideramos que no caben dudas que Agust\u00edn ha sabido representar de la mejor forma a Olavarr\u00eda en cada competencia que le ha tocado afrontar, recordando siempre sus or\u00edgenes e invitando a que cada vez m\u00e1s chicos se unan a conocer este deporte que hoy es su pasi\u00f3n<\/strong><\/em>&#8220;.<\/p>\n<p>&#8220;<strong><em>L<\/em><em>a final disputada esta semana en el marco de los Juegos Ol\u00edmpicos es uno m\u00e1s de sus numerosos logros deportivos, convirti\u00e9ndose nuevamente en protagonista, esta vez junto a siete atletas internacionales, y representando a la Rep\u00fablica Argentina y a Olavarr\u00eda de la mejor forma<\/em><\/strong>&#8220;.<\/p>\n<p>En este marco, el reconocimiento es para &#8220;<em>llegar as\u00ed tambi\u00e9n las felicitaciones y el acompa\u00f1amiento de todos los olavarrienses que seguimos sus pasos y nos alegramos con cada uno de sus logros<\/em>&#8220;.<\/p>\n","protected":false},"excerpt":{"rendered":"<p>Representantes del Bloque Juntos presentaron un proyecto en el Honorable Concejo Deliberante para reconocer a Agust\u00edn Vernice tras su destacada<\/p>\n","protected":false},"author":96739694,"featured_media":142993,"comment_status":"closed","ping_status":"closed","sticky":false,"template":"","format":"standard","meta":{"_jetpack_memberships_contains_paid_content":false,"footnotes":""},"categories":[30,1],"tags":[],"class_list":["post-28549","post","type-post","status-publish","format-standard","has-post-thumbnail","hentry","category-polideportivo","category-portada"],"jetpack_featured_media_url":"https:\/\/i0.wp.com\/cdnoticias.com\/wp-content\/uploads\/2021\/08\/vernice.png?fit=1600%2C890&ssl=1","jetpack_sharing_enabled":true,"_links":{"self":[{"href":"https:\/\/cdnoticias.com\/index.php\/wp-json\/wp\/v2\/posts\/28549","targetHints":{"allow":["GET"]}}],"collection":[{"href":"https:\/\/cdnoticias.com\/index.php\/wp-json\/wp\/v2\/posts"}],"about":[{"href":"https:\/\/cdnoticias.com\/index.php\/wp-json\/wp\/v2\/types\/post"}],"author":[{"embeddable":true,"href":"https:\/\/cdnoticias.com\/index.php\/wp-json\/wp\/v2\/users\/96739694"}],"replies":[{"embeddable":true,"href":"https:\/\/cdnoticias.com\/index.php\/wp-json\/wp\/v2\/comments?post=28549"}],"version-history":[{"count":0,"href":"https:\/\/cdnoticias.com\/index.php\/wp-json\/wp\/v2\/posts\/28549\/revisions"}],"wp:featuredmedia":[{"embeddable":true,"href":"https:\/\/cdnoticias.com\/index.php\/wp-json\/wp\/v2\/media\/142993"}],"wp:attachment":[{"href":"https:\/\/cdnoticias.com\/index.php\/wp-json\/wp\/v2\/media?parent=28549"}],"wp:term":[{"taxonomy":"category","embeddable":true,"href":"https:\/\/cdnoticias.com\/index.php\/wp-json\/wp\/v2\/categories?post=28549"},{"taxonomy":"post_tag","embeddable":true,"href":"https:\/\/cdnoticias.com\/index.php\/wp-json\/wp\/v2\/tags?post=28549"}],"curies":[{"name":"wp","href":"https:\/\/api.w.org\/{rel}","templated":true}]}}