{"id":28515,"date":"2021-08-04T14:00:15","date_gmt":"2021-08-04T17:00:15","guid":{"rendered":"http:\/\/www.centraldenoticias.com.ar\/?p=28515"},"modified":"2021-08-04T14:02:56","modified_gmt":"2021-08-04T17:02:56","slug":"para-nosotros-es-un-orgullo-que-loma-negra-siga-invirtiendo-en-olavarria","status":"publish","type":"post","link":"https:\/\/cdnoticias.com\/index.php\/2021\/08\/04\/para-nosotros-es-un-orgullo-que-loma-negra-siga-invirtiendo-en-olavarria\/","title":{"rendered":"\u201cPara nosotros es un orgullo que Loma Negra siga invirtiendo en Olavarr\u00eda\u201d"},"content":{"rendered":"<p>Lo dijo el intendente Ezequiel Galli tras una reuni\u00f3n de trabajo en el palacio San Mart\u00edn con el CEO de Loma Negra Sergio Faifman. La capacitaci\u00f3n de la mano de obra fue uno de los ejes de la charla.<!--more--><\/p>\n<hr \/>\n<p><strong>En la ma\u00f1ana de este mi\u00e9rcoles el intendente municipal Ezequiel Galli mantuvo una reuni\u00f3n de trabajo en el palacio San Mart\u00edn con el CEO de Loma Negra Sergio Faifman.<\/strong><\/p>\n<p>&nbsp;<\/p>\n<p>Tambi\u00e9n participaron de la reuni\u00f3n el <em>Secretario de Gobierno Hilario Galli, el Secretario de Desarrollo Econ\u00f3mico Julio Valetutto y las representantes de la empresa Lucrecia Loureiro (Directora de Legales y Asuntos Corporativos) y Bel\u00e9n Marty (L\u00edder de Asuntos Corporativos y Sustentabilidad)<\/em>.<\/p>\n<p>&nbsp;<\/p>\n<p>Durante el encuentro, Faifman explic\u00f3 que <a href=\"https:\/\/cdnoticias.com\/index.php\/2021\/08\/04\/loma-negra-proyecta-para-septiembre-la-inauguracion-de-lamali-ii\/\" target=\"_blank\" rel=\"noopener\">en el mes de septiembre se inaugurar\u00e1 la segunda l\u00ednea de la planta L\u00b4Amali<\/a>, que fue anunciada en 2017 por Loma Negra junto al ex presidente Mauricio Macri y el intendente Ezequiel Galli y gener\u00f3 una inversi\u00f3n de 350 millones de d\u00f3lares.<\/p>\n<p>&nbsp;<\/p>\n<p><img data-recalc-dims=\"1\" loading=\"lazy\" decoding=\"async\" class=\"size-large wp-image-28517 aligncenter\" src=\"https:\/\/i0.wp.com\/cdnoticias.com\/wp-content\/uploads\/2021\/08\/Reunion-Galli-Faifman-Loma-Negra-scaled.jpg?resize=800%2C534&#038;ssl=1\" alt=\"\" width=\"800\" height=\"534\" srcset=\"https:\/\/i0.wp.com\/cdnoticias.com\/wp-content\/uploads\/2021\/08\/Reunion-Galli-Faifman-Loma-Negra-scaled.jpg?resize=1024%2C684&amp;ssl=1 1024w, https:\/\/i0.wp.com\/cdnoticias.com\/wp-content\/uploads\/2021\/08\/Reunion-Galli-Faifman-Loma-Negra-scaled.jpg?resize=300%2C201&amp;ssl=1 300w, https:\/\/i0.wp.com\/cdnoticias.com\/wp-content\/uploads\/2021\/08\/Reunion-Galli-Faifman-Loma-Negra-scaled.jpg?resize=768%2C513&amp;ssl=1 768w, https:\/\/i0.wp.com\/cdnoticias.com\/wp-content\/uploads\/2021\/08\/Reunion-Galli-Faifman-Loma-Negra-scaled.jpg?resize=272%2C182&amp;ssl=1 272w, https:\/\/i0.wp.com\/cdnoticias.com\/wp-content\/uploads\/2021\/08\/Reunion-Galli-Faifman-Loma-Negra-scaled.jpg?w=1600&amp;ssl=1 1600w, https:\/\/i0.wp.com\/cdnoticias.com\/wp-content\/uploads\/2021\/08\/Reunion-Galli-Faifman-Loma-Negra-scaled.jpg?w=2400&amp;ssl=1 2400w\" sizes=\"auto, (max-width: 800px) 100vw, 800px\" \/><\/p>\n<p>&nbsp;<\/p>\n<blockquote><p>Tras la reuni\u00f3n, Ezequiel Galli destac\u00f3 las inversiones realizadas por la firma en el Partido de Olavarr\u00eda y expres\u00f3: \u201cpara nosotros es un orgullo enorme que Loma Negra siga invirtiendo en Olavarr\u00eda. Eso quiere decir que nuestro Partido es un lugar con las condiciones dadas para la inversi\u00f3n\u201d.<\/p><\/blockquote>\n<p>&nbsp;<\/p>\n<p>Adem\u00e1s, el jefe comunal dijo que \u201cla inauguraci\u00f3n de la nueva l\u00ednea de producci\u00f3n <strong>va a seguir generando puestos de trabajo<\/strong> y eso es una gran noticia para todos los olavarrienses\u201d. Cabe se\u00f1alar que el directivo de la empresa comunic\u00f3 que <a href=\"https:\/\/cdnoticias.com\/index.php\/2021\/08\/04\/lamali-ii-120-nuevos-empleados-el-rol-de-la-mujer-y-mil-anos-de-piedra\/\" target=\"_blank\" rel=\"noopener\">se generar\u00e1n 120 puestos de trabajo para la nueva planta<\/a>.<\/p>\n<p>&nbsp;<\/p>\n<p>Finalmente, Galli indic\u00f3 que \u201cnosotros debemos estar a la altura de las circunstancias para <strong>capacitar a los trabajadores de nuestro Partido para tener mano de obra calificada<\/strong>. Ese es el salto cualitativo que tenemos que dar para seguir ubicando a Olavarr\u00eda como una de las ciudades m\u00e1s pujantes de la provincia de Buenos Aires\u201d.<\/p>\n","protected":false},"excerpt":{"rendered":"<p>Lo dijo el intendente Ezequiel Galli tras una reuni\u00f3n de trabajo en el palacio San Mart\u00edn con el CEO de<\/p>\n","protected":false},"author":4,"featured_media":28516,"comment_status":"closed","ping_status":"closed","sticky":false,"template":"","format":"standard","meta":{"_jetpack_memberships_contains_paid_content":false,"footnotes":""},"categories":[5,1],"tags":[],"class_list":["post-28515","post","type-post","status-publish","format-standard","has-post-thumbnail","hentry","category-informacion-general","category-portada"],"jetpack_featured_media_url":"https:\/\/i0.wp.com\/cdnoticias.com\/wp-content\/uploads\/2021\/08\/Reunion-Galli-Faifman-Loma-Negra-00.jpg?fit=1304%2C725&ssl=1","jetpack_sharing_enabled":true,"_links":{"self":[{"href":"https:\/\/cdnoticias.com\/index.php\/wp-json\/wp\/v2\/posts\/28515","targetHints":{"allow":["GET"]}}],"collection":[{"href":"https:\/\/cdnoticias.com\/index.php\/wp-json\/wp\/v2\/posts"}],"about":[{"href":"https:\/\/cdnoticias.com\/index.php\/wp-json\/wp\/v2\/types\/post"}],"author":[{"embeddable":true,"href":"https:\/\/cdnoticias.com\/index.php\/wp-json\/wp\/v2\/users\/4"}],"replies":[{"embeddable":true,"href":"https:\/\/cdnoticias.com\/index.php\/wp-json\/wp\/v2\/comments?post=28515"}],"version-history":[{"count":0,"href":"https:\/\/cdnoticias.com\/index.php\/wp-json\/wp\/v2\/posts\/28515\/revisions"}],"wp:featuredmedia":[{"embeddable":true,"href":"https:\/\/cdnoticias.com\/index.php\/wp-json\/wp\/v2\/media\/28516"}],"wp:attachment":[{"href":"https:\/\/cdnoticias.com\/index.php\/wp-json\/wp\/v2\/media?parent=28515"}],"wp:term":[{"taxonomy":"category","embeddable":true,"href":"https:\/\/cdnoticias.com\/index.php\/wp-json\/wp\/v2\/categories?post=28515"},{"taxonomy":"post_tag","embeddable":true,"href":"https:\/\/cdnoticias.com\/index.php\/wp-json\/wp\/v2\/tags?post=28515"}],"curies":[{"name":"wp","href":"https:\/\/api.w.org\/{rel}","templated":true}]}}