{"id":28512,"date":"2021-08-04T13:46:24","date_gmt":"2021-08-04T16:46:24","guid":{"rendered":"http:\/\/www.centraldenoticias.com.ar\/?p=28512"},"modified":"2021-08-04T14:00:48","modified_gmt":"2021-08-04T17:00:48","slug":"desde-este-sabado-olavarria-celebrara-la-ninez-por-un-mes","status":"publish","type":"post","link":"https:\/\/cdnoticias.com\/index.php\/2021\/08\/04\/desde-este-sabado-olavarria-celebrara-la-ninez-por-un-mes\/","title":{"rendered":"Desde este s\u00e1bado, Olavarr\u00eda celebrar\u00e1 la ni\u00f1ez por un mes"},"content":{"rendered":"<p>Las propuestas se programaron para todos los fines de semana de agosto. Se reciben donaciones de juguetes en el Teatro.<!--more--><\/p>\n<hr \/>\n<p><strong>Para todos los fines de semana del mes de agosto se prepararon distintas propuestas, que se enmarcan en las celebraciones del Mes de la Ni\u00f1ez, que se llevar\u00e1n a cabo en el Teatro Municipal<\/strong>, como as\u00ed tambi\u00e9n en diferentes barrios de la ciudad y localidades.<\/p>\n<p>&nbsp;<\/p>\n<p>Dicho programa fue organizado en forma conjunta por la Municipalidad del Partido Olavarr\u00eda, a trav\u00e9s de la secretar\u00eda de Desarrollo Humano y Calidad de Vida y la Subsecretar\u00eda de Cultura de la Municipalidad, el Movimiento por la Alegr\u00eda del Ni\u00f1o Olavarriense (MANO) y Radio Sapiens.<\/p>\n<p>&nbsp;<\/p>\n<p><strong>Las actividades se iniciar\u00e1n este s\u00e1bado 7 de agosto, en el Teatro Municipal<\/strong>, a partir de las 15 horas, con una propuesta de juego teatral \u2013a cargo de la Escuela Municipal de Teatro- con la intervenci\u00f3n de diferentes elementos y una invitaci\u00f3n especial para que el p\u00fablico participe, a trav\u00e9s de diferentes ejercicios de iniciaci\u00f3n al teatro.<\/p>\n<p>&nbsp;<\/p>\n<p>Debido al contexto epidemiol\u00f3gico,<strong> la propuesta se desarrollar\u00e1 centralmente en el Teatro Municipal, de manera gratuita<\/strong>, con la finalidad de incluir a toda la comunidad en las propuestas culturales, generadas desde las Escuelas y Programas Municipales. Adem\u00e1s, <strong>se trabajar\u00e1 durante todo el mes con una propuesta interdisciplinaria en diferentes barrios de la ciudad y en las localidades<\/strong>.<\/p>\n<p>&nbsp;<\/p>\n<p>Todos aquellos que quieran <strong>donar juguetes podr\u00e1n hacerlo de martes a viernes, de 8 a 12 horas<\/strong>, en la boleter\u00eda del Teatro Municipal o bien los fines de semana.<\/p>\n<p>&nbsp;<\/p>\n<p>Para el retiro de las<strong> entradas de los espect\u00e1culos, podr\u00e1n hacerlo tambi\u00e9n de martes a viernes, en el horario de boleter\u00eda o hasta dos antes de la funci\u00f3n<\/strong>. Cabe aclarar que la capacidad de aforo de la sala local es 50%. Los asistentes ser\u00e1n ubicados por grupo familiar.<\/p>\n","protected":false},"excerpt":{"rendered":"<p>Las propuestas se programaron para todos los fines de semana de agosto. Se reciben donaciones de juguetes en el Teatro.<\/p>\n","protected":false},"author":4,"featured_media":28513,"comment_status":"closed","ping_status":"closed","sticky":false,"template":"","format":"standard","meta":{"_jetpack_memberships_contains_paid_content":false,"footnotes":""},"categories":[9,1],"tags":[],"class_list":["post-28512","post","type-post","status-publish","format-standard","has-post-thumbnail","hentry","category-cultura","category-portada"],"jetpack_featured_media_url":"https:\/\/i0.wp.com\/cdnoticias.com\/wp-content\/uploads\/2021\/08\/Cultura-Conf.-Prensa-Dia-del-Nino-3-1024x685.jpg?fit=1024%2C685&ssl=1","jetpack_sharing_enabled":true,"_links":{"self":[{"href":"https:\/\/cdnoticias.com\/index.php\/wp-json\/wp\/v2\/posts\/28512","targetHints":{"allow":["GET"]}}],"collection":[{"href":"https:\/\/cdnoticias.com\/index.php\/wp-json\/wp\/v2\/posts"}],"about":[{"href":"https:\/\/cdnoticias.com\/index.php\/wp-json\/wp\/v2\/types\/post"}],"author":[{"embeddable":true,"href":"https:\/\/cdnoticias.com\/index.php\/wp-json\/wp\/v2\/users\/4"}],"replies":[{"embeddable":true,"href":"https:\/\/cdnoticias.com\/index.php\/wp-json\/wp\/v2\/comments?post=28512"}],"version-history":[{"count":0,"href":"https:\/\/cdnoticias.com\/index.php\/wp-json\/wp\/v2\/posts\/28512\/revisions"}],"wp:featuredmedia":[{"embeddable":true,"href":"https:\/\/cdnoticias.com\/index.php\/wp-json\/wp\/v2\/media\/28513"}],"wp:attachment":[{"href":"https:\/\/cdnoticias.com\/index.php\/wp-json\/wp\/v2\/media?parent=28512"}],"wp:term":[{"taxonomy":"category","embeddable":true,"href":"https:\/\/cdnoticias.com\/index.php\/wp-json\/wp\/v2\/categories?post=28512"},{"taxonomy":"post_tag","embeddable":true,"href":"https:\/\/cdnoticias.com\/index.php\/wp-json\/wp\/v2\/tags?post=28512"}],"curies":[{"name":"wp","href":"https:\/\/api.w.org\/{rel}","templated":true}]}}