{"id":28481,"date":"2021-08-04T08:40:55","date_gmt":"2021-08-04T11:40:55","guid":{"rendered":"http:\/\/www.centraldenoticias.com.ar\/?p=28481"},"modified":"2021-08-04T08:40:55","modified_gmt":"2021-08-04T11:40:55","slug":"traducen-a-idiomas-de-pueblos-originarios-informacion-sobre-vacunacion-contra-la-covid","status":"publish","type":"post","link":"https:\/\/cdnoticias.com\/index.php\/2021\/08\/04\/traducen-a-idiomas-de-pueblos-originarios-informacion-sobre-vacunacion-contra-la-covid\/","title":{"rendered":"Traducen a idiomas de pueblos originarios informaci\u00f3n sobre vacunaci\u00f3n contra la Covid"},"content":{"rendered":"<p>Los materiales de la campa\u00f1a VacunatePBA est\u00e1n disponibles en quechua, mapudungum, q\u2019om l&#8217;aqtaqa y g\u00fcn\u00fcna iaj\u00ebch.<!--more--><\/p>\n<hr \/>\n<p><strong>El Gobierno bonaerense tradujo a idiomas ind\u00edgenas con raigambre en la provincia de Buenos Aires el contenido de los afiches de comunicaci\u00f3n con informaci\u00f3n clave sobre la campa\u00f1a de vacunaci\u00f3n contra el coronavirus<\/strong>.<\/p>\n<p>&nbsp;<\/p>\n<p>Desde el Programa Provincial de Salud y Pueblos Ind\u00edgenas, dependiente de la direcci\u00f3n provincial de Salud Comunitaria del ministerio de Salud bonaerense, se realiz\u00f3 la adaptaci\u00f3n o traducci\u00f3n de los materiales de vacunaci\u00f3n a los idiomas de los<strong> pueblos ind\u00edgenas Quechua, Mapuche, Q\u2019om y G\u00fcn\u00fcn a K\u00fcna<\/strong> para su distribuci\u00f3n y difusi\u00f3n.<\/p>\n<p>&nbsp;<\/p>\n<p>Estas traducciones est\u00e1n disponibles en la web del Gobierno provincial en los siguientes links: <a href=\"https:\/\/bit.ly\/2WQnXB3\" target=\"_blank\" rel=\"noopener\">https:\/\/bit.ly\/2WQnXB3<\/a> (quechua), <a href=\"https:\/\/bit.ly\/3rXZnJV\" target=\"_blank\" rel=\"noopener\">https:\/\/bit.ly\/3rXZnJV<\/a> (g\u00fcn\u00fcna iaj\u00ebch), <a href=\"https:\/\/bit.ly\/3xhjofr\" target=\"_blank\" rel=\"noopener\">https:\/\/bit.ly\/3xhjofr<\/a> (mapudungum) y <a href=\"https:\/\/bit.ly\/2WRDtg3\" target=\"_blank\" rel=\"noopener\">https:\/\/bit.ly\/2WRDtg3<\/a> (q\u2019om l\u2019aqtaqa).<\/p>\n<p>&nbsp;<\/p>\n<p><img data-recalc-dims=\"1\" loading=\"lazy\" decoding=\"async\" class=\"size-full wp-image-28482 aligncenter\" src=\"https:\/\/i0.wp.com\/cdnoticias.com\/wp-content\/uploads\/2021\/08\/DIB-gunun-a-kuna-696x466.jpg?resize=696%2C466&#038;ssl=1\" alt=\"\" width=\"696\" height=\"466\" srcset=\"https:\/\/i0.wp.com\/cdnoticias.com\/wp-content\/uploads\/2021\/08\/DIB-gunun-a-kuna-696x466.jpg?resize=696%2C466&amp;ssl=1 696w, https:\/\/i0.wp.com\/cdnoticias.com\/wp-content\/uploads\/2021\/08\/DIB-gunun-a-kuna-696x466.jpg?resize=300%2C201&amp;ssl=1 300w, https:\/\/i0.wp.com\/cdnoticias.com\/wp-content\/uploads\/2021\/08\/DIB-gunun-a-kuna-696x466.jpg?resize=272%2C182&amp;ssl=1 272w\" sizes=\"auto, (max-width: 696px) 100vw, 696px\" \/><\/p>\n<p>&nbsp;<\/p>\n<p><strong>\u201cEstado presente\u201d<\/strong><\/p>\n<p>&nbsp;<\/p>\n<p>La directora provincial de Salud Comunitaria, Noelia L\u00f3pez, explic\u00f3 que \u201cen el mes de la Pachamama para los Pueblos-Naciones Ind\u00edgenas del hoy norte argentino trascendemos y expresamos que<strong> los Idiomas Ancestrales est\u00e1n vivos en la hoy provincia de Buenos Aires<\/strong>\u201d.<\/p>\n<p>&nbsp;<\/p>\n<p>\u201cEl Estado provincial est\u00e1 presente en este plan de vacunaci\u00f3n y, en conjunto, con la direcci\u00f3n provincial de Salud Comunitaria, el Programa provincial de Salud y Pueblos Ind\u00edgenas de manera hist\u00f3rica lanzamos los <strong>primeros folletos<\/strong> VacunatePBA en Idiomas ancestrales\u201d, expres\u00f3 la funcionaria.<\/p>\n<p>&nbsp;<\/p>\n<p><strong>Estrategia intercultural<\/strong><\/p>\n<p>&nbsp;<\/p>\n<p>Desde el Gobierno de Axel Kicillof se detall\u00f3 que la iniciativa forma parte de \u201clas <strong>estrategias de Salud Comunitaria Intercultural<\/strong> que el ministerio viene llevando a cabo en el marco de la campa\u00f1a de vacunaci\u00f3n, que incluye postas itinerantes en estaciones de trenes, mercados, a trav\u00e9s tren sanitario y en las recorridas por diferentes barrios para llevar la inmunizaci\u00f3n que previene la Covid-19\u201d.<\/p>\n<p>&nbsp;<\/p>\n<p>En los materiales de comunicaci\u00f3n traducidos o adaptados a los diferentes idiomas ind\u00edgenas se detallan <strong>\u201clas caracter\u00edsticas de la campa\u00f1a, los grupos priorizados y las formas de acceso a la vacunaci\u00f3n provincial, p\u00fablica, gratuita y optativa\u201d<\/strong>.<\/p>\n<p>&nbsp;<\/p>\n<p>Fuente:<em> Agencia DIB<\/em><\/p>\n","protected":false},"excerpt":{"rendered":"<p>Los materiales de la campa\u00f1a VacunatePBA est\u00e1n disponibles en quechua, mapudungum, q\u2019om l&#8217;aqtaqa y g\u00fcn\u00fcna iaj\u00ebch.<\/p>\n","protected":false},"author":4,"featured_media":28483,"comment_status":"closed","ping_status":"closed","sticky":false,"template":"","format":"standard","meta":{"_jetpack_memberships_contains_paid_content":false,"footnotes":""},"categories":[6,1],"tags":[],"class_list":["post-28481","post","type-post","status-publish","format-standard","has-post-thumbnail","hentry","category-nacionales","category-portada"],"jetpack_featured_media_url":"https:\/\/i0.wp.com\/cdnoticias.com\/wp-content\/uploads\/2021\/08\/vacunate-pueblo-nacion-mapuche.jpg?fit=715%2C473&ssl=1","jetpack_sharing_enabled":true,"_links":{"self":[{"href":"https:\/\/cdnoticias.com\/index.php\/wp-json\/wp\/v2\/posts\/28481","targetHints":{"allow":["GET"]}}],"collection":[{"href":"https:\/\/cdnoticias.com\/index.php\/wp-json\/wp\/v2\/posts"}],"about":[{"href":"https:\/\/cdnoticias.com\/index.php\/wp-json\/wp\/v2\/types\/post"}],"author":[{"embeddable":true,"href":"https:\/\/cdnoticias.com\/index.php\/wp-json\/wp\/v2\/users\/4"}],"replies":[{"embeddable":true,"href":"https:\/\/cdnoticias.com\/index.php\/wp-json\/wp\/v2\/comments?post=28481"}],"version-history":[{"count":0,"href":"https:\/\/cdnoticias.com\/index.php\/wp-json\/wp\/v2\/posts\/28481\/revisions"}],"wp:featuredmedia":[{"embeddable":true,"href":"https:\/\/cdnoticias.com\/index.php\/wp-json\/wp\/v2\/media\/28483"}],"wp:attachment":[{"href":"https:\/\/cdnoticias.com\/index.php\/wp-json\/wp\/v2\/media?parent=28481"}],"wp:term":[{"taxonomy":"category","embeddable":true,"href":"https:\/\/cdnoticias.com\/index.php\/wp-json\/wp\/v2\/categories?post=28481"},{"taxonomy":"post_tag","embeddable":true,"href":"https:\/\/cdnoticias.com\/index.php\/wp-json\/wp\/v2\/tags?post=28481"}],"curies":[{"name":"wp","href":"https:\/\/api.w.org\/{rel}","templated":true}]}}