{"id":28476,"date":"2021-08-03T20:39:48","date_gmt":"2021-08-03T23:39:48","guid":{"rendered":"http:\/\/www.centraldenoticias.com.ar\/?p=28476"},"modified":"2021-08-04T09:12:28","modified_gmt":"2021-08-04T12:12:28","slug":"este-martes-se-aplicaron-mas-de-2000-vacunas-contra-el-covid-en-olavarria","status":"publish","type":"post","link":"https:\/\/cdnoticias.com\/index.php\/2021\/08\/03\/este-martes-se-aplicaron-mas-de-2000-vacunas-contra-el-covid-en-olavarria\/","title":{"rendered":"Este martes se aplicaron m\u00e1s de 2000 vacunas contra el Covid en Olavarr\u00eda"},"content":{"rendered":"<p>As\u00ed fue informado por Regi\u00f3n Sanitaria IX en el marco de la campa\u00f1a provincial de vacunaci\u00f3n.<!--more--><\/p>\n<hr \/>\n<p>Contin\u00faa la campa\u00f1a provincial de vacunaci\u00f3n contra el Covid y este martes se aplicaron <strong>2073 dosi<\/strong>s en Olavarr\u00eda. Seg\u00fan el detalle brindado por Regi\u00f3n Sanitaria IX en la <strong>Facultad de Ciencias de la Salud<\/strong> 456 personas fueron vacunadas, de las cuales 114 recibieron la primera dosis y 342 el segundo componente.<\/p>\n<p>&nbsp;<\/p>\n<p>En tanto, en el <strong>Servicio Territorial N.\u00ba 2<\/strong> se inocularon 488 vecinas y vecinos (69 con primer componente y 419 segundas dosis); en el <strong>Centro Cultural Universitario<\/strong> se realizaron 879 aplicaciones de segundo componente \u00fanicamente; y en la<strong> Mutual Carlos Alberto Moreno de Suteba<\/strong> se vacunaron 250 personas, 28 con primeras dosis y 222 con segundas dosis.<\/p>\n<p>&nbsp;<\/p>\n<p>Asimismo recordaron que la <strong>inscripci\u00f3n para los menores de edad, de 12 a 17 a\u00f1os<\/strong>, para recibir el turno se debe realizar a trav\u00e9s de la web <a href=\"https:\/\/vacunatepba.gba.gob.ar\/\" target=\"_blank\" rel=\"noopener\">www.vacunatepba.gba.gob.ar<\/a> . Adem\u00e1s, contin\u00faa la<strong> vacunaci\u00f3n libre para mayores de 18 a\u00f1os<\/strong> que acrediten domicilio en la localidad present\u00e1ndose con su DNI en cualquiera de los centros de vacunaci\u00f3n.<\/p>\n<blockquote><p>Para recibir la aplicaci\u00f3n de segundos componentes, se indic\u00f3 que es \u00fanicamente por turnos, por lo que se le pide a los vecinos y vecinas que est\u00e9n atentos a las notificaciones que se env\u00edan desde el Ministerio de Salud provincial.<\/p><\/blockquote>\n<p>Cualquier duda o consulta, podr\u00e1n acercarse a cualquiera de las cuatro postas ubicadas en: Servicio Territorial N\u00b02, Av. Alberdi 2543, de 8 a 18 hs; Facultad de Ciencias de la Salud, Merlo entre Av. Pringles y 9 de julio, de 8 a 18 hs; Centro Cultural Universitario, San Martin 1955, de 8 a 18 hs; y Mutual Carlos Alberto Moreno de Suteba, Collinet 4544, de 8 a 16 hs.<\/p>\n","protected":false},"excerpt":{"rendered":"<p>As\u00ed fue informado por Regi\u00f3n Sanitaria IX en el marco de la campa\u00f1a provincial de vacunaci\u00f3n.<\/p>\n","protected":false},"author":5,"featured_media":28360,"comment_status":"closed","ping_status":"closed","sticky":false,"template":"","format":"standard","meta":{"_jetpack_memberships_contains_paid_content":false,"footnotes":""},"categories":[16,1],"tags":[],"class_list":["post-28476","post","type-post","status-publish","format-standard","has-post-thumbnail","hentry","category-covid-19","category-portada"],"jetpack_featured_media_url":"https:\/\/i0.wp.com\/cdnoticias.com\/wp-content\/uploads\/2021\/08\/WhatsApp-Image-2021-08-02-at-20.37.28.jpeg?fit=1280%2C853&ssl=1","jetpack_sharing_enabled":true,"_links":{"self":[{"href":"https:\/\/cdnoticias.com\/index.php\/wp-json\/wp\/v2\/posts\/28476","targetHints":{"allow":["GET"]}}],"collection":[{"href":"https:\/\/cdnoticias.com\/index.php\/wp-json\/wp\/v2\/posts"}],"about":[{"href":"https:\/\/cdnoticias.com\/index.php\/wp-json\/wp\/v2\/types\/post"}],"author":[{"embeddable":true,"href":"https:\/\/cdnoticias.com\/index.php\/wp-json\/wp\/v2\/users\/5"}],"replies":[{"embeddable":true,"href":"https:\/\/cdnoticias.com\/index.php\/wp-json\/wp\/v2\/comments?post=28476"}],"version-history":[{"count":0,"href":"https:\/\/cdnoticias.com\/index.php\/wp-json\/wp\/v2\/posts\/28476\/revisions"}],"wp:featuredmedia":[{"embeddable":true,"href":"https:\/\/cdnoticias.com\/index.php\/wp-json\/wp\/v2\/media\/28360"}],"wp:attachment":[{"href":"https:\/\/cdnoticias.com\/index.php\/wp-json\/wp\/v2\/media?parent=28476"}],"wp:term":[{"taxonomy":"category","embeddable":true,"href":"https:\/\/cdnoticias.com\/index.php\/wp-json\/wp\/v2\/categories?post=28476"},{"taxonomy":"post_tag","embeddable":true,"href":"https:\/\/cdnoticias.com\/index.php\/wp-json\/wp\/v2\/tags?post=28476"}],"curies":[{"name":"wp","href":"https:\/\/api.w.org\/{rel}","templated":true}]}}