{"id":28424,"date":"2021-08-03T19:17:20","date_gmt":"2021-08-03T22:17:20","guid":{"rendered":"http:\/\/www.centraldenoticias.com.ar\/?p=28424"},"modified":"2021-08-03T19:17:20","modified_gmt":"2021-08-03T22:17:20","slug":"comenzo-el-sexto-pago-extraordinario-del-programa-alimentario-pami","status":"publish","type":"post","link":"https:\/\/cdnoticias.com\/index.php\/2021\/08\/03\/comenzo-el-sexto-pago-extraordinario-del-programa-alimentario-pami\/","title":{"rendered":"Comenz\u00f3 el sexto pago extraordinario del Programa Alimentario PAMI"},"content":{"rendered":"<p>El mismo empez\u00f3 ayer lunes 2 y est\u00e1 destinado a los beneficiarios del Programa Alimentario PAMI. En esta oportunidad ser\u00e1 el sexto.<\/p>\n<p><!--more--><\/p>\n<hr \/>\n<p>&nbsp;<\/p>\n<p>Desde el pasado lunes \u00a0los <strong>beneficiarios del Programa Alimentario PAMI est\u00e1n recibiendo un pago extraordinario a cambio de la habitual entrega de alimentos<\/strong>. El mismo ser\u00e1 depositado a trav\u00e9s de un <strong>convenio con la ANSES<\/strong>. En esta oportunidad ser\u00e1 el<strong> sexto.<\/strong><\/p>\n<p>&nbsp;<\/p>\n<p>As\u00ed lo confirm\u00f3 el <strong>director del PAMI<\/strong>, <strong>Jorge Garaiz<\/strong>, quien se\u00f1al\u00f3 que <strong>realizar\u00e1n un pago extraordinario<\/strong> en <strong>reemplazo del bols\u00f3n de alimentos<\/strong> que habitualmente se distribuyen a trav\u00e9s de Centros de Jubilados y Pensionados <strong>debido a que por la pandemia, deben permanecer cerrados.<\/strong><\/p>\n<p>&nbsp;<\/p>\n<p>El sexto pago se realizar\u00e1 por <strong>terminaci\u00f3n de DNI<\/strong> seg\u00fan el calendario diagramado para garantizar el <strong>distanciamiento social<\/strong> y el monto var\u00eda de acuerdo a la modalidad y a la zona geogr\u00e1fica.<\/p>\n<p><img data-recalc-dims=\"1\" loading=\"lazy\" decoding=\"async\" class=\"aligncenter wp-image-28425 size-full\" src=\"https:\/\/i0.wp.com\/cdnoticias.com\/wp-content\/uploads\/2021\/08\/16303e63-abc6-4358-abf1-6175c9646155.jpg?resize=720%2C901&#038;ssl=1\" alt=\"\" width=\"720\" height=\"901\" srcset=\"https:\/\/i0.wp.com\/cdnoticias.com\/wp-content\/uploads\/2021\/08\/16303e63-abc6-4358-abf1-6175c9646155.jpg?w=720&amp;ssl=1 720w, https:\/\/i0.wp.com\/cdnoticias.com\/wp-content\/uploads\/2021\/08\/16303e63-abc6-4358-abf1-6175c9646155.jpg?resize=240%2C300&amp;ssl=1 240w\" sizes=\"auto, (max-width: 720px) 100vw, 720px\" \/> <img data-recalc-dims=\"1\" loading=\"lazy\" decoding=\"async\" class=\"aligncenter wp-image-28426 size-full\" src=\"https:\/\/i0.wp.com\/cdnoticias.com\/wp-content\/uploads\/2021\/08\/ce173ac4-57ea-4644-96ca-a98d8ba84e21.jpg?resize=720%2C900&#038;ssl=1\" alt=\"\" width=\"720\" height=\"900\" srcset=\"https:\/\/i0.wp.com\/cdnoticias.com\/wp-content\/uploads\/2021\/08\/ce173ac4-57ea-4644-96ca-a98d8ba84e21.jpg?w=720&amp;ssl=1 720w, https:\/\/i0.wp.com\/cdnoticias.com\/wp-content\/uploads\/2021\/08\/ce173ac4-57ea-4644-96ca-a98d8ba84e21.jpg?resize=240%2C300&amp;ssl=1 240w\" sizes=\"auto, (max-width: 720px) 100vw, 720px\" \/> <img data-recalc-dims=\"1\" loading=\"lazy\" decoding=\"async\" class=\"aligncenter wp-image-28427 size-full\" src=\"https:\/\/i0.wp.com\/cdnoticias.com\/wp-content\/uploads\/2021\/08\/d22be46a-6dc9-4958-a3ff-a87e2b48b00b.jpg?resize=720%2C901&#038;ssl=1\" alt=\"\" width=\"720\" height=\"901\" srcset=\"https:\/\/i0.wp.com\/cdnoticias.com\/wp-content\/uploads\/2021\/08\/d22be46a-6dc9-4958-a3ff-a87e2b48b00b.jpg?w=720&amp;ssl=1 720w, https:\/\/i0.wp.com\/cdnoticias.com\/wp-content\/uploads\/2021\/08\/d22be46a-6dc9-4958-a3ff-a87e2b48b00b.jpg?resize=240%2C300&amp;ssl=1 240w\" sizes=\"auto, (max-width: 720px) 100vw, 720px\" \/><\/p>\n<p>&nbsp;<\/p>\n<p>En <strong>Olavarr\u00eda alcanzar\u00e1 a 2429 afiliados y parte de los 3000 pesos<\/strong>. El pago se incorporar\u00e1 como concepto al recibo de haberes a trav\u00e9s de un <strong>convenio con la ANSES.<\/strong><\/p>\n<p>&nbsp;<\/p>\n<p>Por \u00faltimo, <strong>el titular de la filial local indic\u00f3<\/strong>: \u201cesta medida de emergencia alcanza a las personas afiliadas que normalmente acceden al Programa Alimentario Probienestar que son un total de 600.000 afiliadas y afiliados en el pa\u00eds. Una decisi\u00f3n que<strong> se mantendr\u00e1 hasta que se restablezca la entrega de los bolsones de alimentos en los Centros de Jubilados y Pensionados<\/strong>, garantizando la seguridad alimentaria\u201d.<\/p>\n<p>&nbsp;<\/p>\n","protected":false},"excerpt":{"rendered":"<p>El mismo empez\u00f3 ayer lunes 2 y est\u00e1 destinado a los beneficiarios del Programa Alimentario PAMI. En esta oportunidad ser\u00e1<\/p>\n","protected":false},"author":6,"featured_media":3918,"comment_status":"closed","ping_status":"closed","sticky":false,"template":"","format":"standard","meta":{"_jetpack_memberships_contains_paid_content":false,"footnotes":""},"categories":[5,1],"tags":[],"class_list":["post-28424","post","type-post","status-publish","format-standard","has-post-thumbnail","hentry","category-informacion-general","category-portada"],"jetpack_featured_media_url":"https:\/\/i0.wp.com\/cdnoticias.com\/wp-content\/uploads\/2020\/10\/pami-general.jpg?fit=800%2C531&ssl=1","jetpack_sharing_enabled":true,"_links":{"self":[{"href":"https:\/\/cdnoticias.com\/index.php\/wp-json\/wp\/v2\/posts\/28424","targetHints":{"allow":["GET"]}}],"collection":[{"href":"https:\/\/cdnoticias.com\/index.php\/wp-json\/wp\/v2\/posts"}],"about":[{"href":"https:\/\/cdnoticias.com\/index.php\/wp-json\/wp\/v2\/types\/post"}],"author":[{"embeddable":true,"href":"https:\/\/cdnoticias.com\/index.php\/wp-json\/wp\/v2\/users\/6"}],"replies":[{"embeddable":true,"href":"https:\/\/cdnoticias.com\/index.php\/wp-json\/wp\/v2\/comments?post=28424"}],"version-history":[{"count":0,"href":"https:\/\/cdnoticias.com\/index.php\/wp-json\/wp\/v2\/posts\/28424\/revisions"}],"wp:featuredmedia":[{"embeddable":true,"href":"https:\/\/cdnoticias.com\/index.php\/wp-json\/wp\/v2\/media\/3918"}],"wp:attachment":[{"href":"https:\/\/cdnoticias.com\/index.php\/wp-json\/wp\/v2\/media?parent=28424"}],"wp:term":[{"taxonomy":"category","embeddable":true,"href":"https:\/\/cdnoticias.com\/index.php\/wp-json\/wp\/v2\/categories?post=28424"},{"taxonomy":"post_tag","embeddable":true,"href":"https:\/\/cdnoticias.com\/index.php\/wp-json\/wp\/v2\/tags?post=28424"}],"curies":[{"name":"wp","href":"https:\/\/api.w.org\/{rel}","templated":true}]}}