{"id":28417,"date":"2021-08-03T13:32:31","date_gmt":"2021-08-03T16:32:31","guid":{"rendered":"http:\/\/www.centraldenoticias.com.ar\/?p=28417"},"modified":"2021-08-03T13:32:31","modified_gmt":"2021-08-03T16:32:31","slug":"manuela-elba-bustos-de-espindola-q-e-p-d","status":"publish","type":"post","link":"https:\/\/cdnoticias.com\/index.php\/2021\/08\/03\/manuela-elba-bustos-de-espindola-q-e-p-d\/","title":{"rendered":"Manuela Elba Bustos de Esp\u00edndola (Q.E.P.D.)"},"content":{"rendered":"<p>Falleci\u00f3 en Olavarr\u00eda el 3 de agosto a los 84 a\u00f1os de edad. Su esposo Jos\u00e9 Manuel Esp\u00edndola; sus hijos Daniel, Alberto y Estela; su hija pol\u00edtica Mar\u00eda Aurora; sus nietos Juan cruz, Joaqu\u00edn y Mariana; sus hermanos y dem\u00e1s deudos participan su fallecimiento.<\/p>\n<p>&nbsp;<\/p>\n<p>Sus restos ser\u00e1n velados en la sala de Espa\u00f1a 2942, departamento \u201cD\u201d este martes desde las 13:30 horas e inhumados en el Cementerio Loma de Paz este martes a las 15:30 horas. Nacida en Olavarr\u00eda, jubilada y pensionada.<\/p>\n","protected":false},"excerpt":{"rendered":"<p>Falleci\u00f3 en Olavarr\u00eda el 3 de agosto a los 84 a\u00f1os de edad. Su esposo Jos\u00e9 Manuel Esp\u00edndola; sus hijos<\/p>\n","protected":false},"author":2,"featured_media":0,"comment_status":"closed","ping_status":"closed","sticky":false,"template":"","format":"standard","meta":{"_jetpack_memberships_contains_paid_content":false,"footnotes":""},"categories":[10],"tags":[],"class_list":["post-28417","post","type-post","status-publish","format-standard","hentry","category-necrologicas"],"jetpack_featured_media_url":"","jetpack_sharing_enabled":true,"_links":{"self":[{"href":"https:\/\/cdnoticias.com\/index.php\/wp-json\/wp\/v2\/posts\/28417","targetHints":{"allow":["GET"]}}],"collection":[{"href":"https:\/\/cdnoticias.com\/index.php\/wp-json\/wp\/v2\/posts"}],"about":[{"href":"https:\/\/cdnoticias.com\/index.php\/wp-json\/wp\/v2\/types\/post"}],"author":[{"embeddable":true,"href":"https:\/\/cdnoticias.com\/index.php\/wp-json\/wp\/v2\/users\/2"}],"replies":[{"embeddable":true,"href":"https:\/\/cdnoticias.com\/index.php\/wp-json\/wp\/v2\/comments?post=28417"}],"version-history":[{"count":0,"href":"https:\/\/cdnoticias.com\/index.php\/wp-json\/wp\/v2\/posts\/28417\/revisions"}],"wp:attachment":[{"href":"https:\/\/cdnoticias.com\/index.php\/wp-json\/wp\/v2\/media?parent=28417"}],"wp:term":[{"taxonomy":"category","embeddable":true,"href":"https:\/\/cdnoticias.com\/index.php\/wp-json\/wp\/v2\/categories?post=28417"},{"taxonomy":"post_tag","embeddable":true,"href":"https:\/\/cdnoticias.com\/index.php\/wp-json\/wp\/v2\/tags?post=28417"}],"curies":[{"name":"wp","href":"https:\/\/api.w.org\/{rel}","templated":true}]}}