{"id":28408,"date":"2021-08-03T13:07:07","date_gmt":"2021-08-03T16:07:07","guid":{"rendered":"http:\/\/www.centraldenoticias.com.ar\/?p=28408"},"modified":"2021-08-03T13:12:36","modified_gmt":"2021-08-03T16:12:36","slug":"el-municipio-relanza-proyecto-puente","status":"publish","type":"post","link":"https:\/\/cdnoticias.com\/index.php\/2021\/08\/03\/el-municipio-relanza-proyecto-puente\/","title":{"rendered":"El Municipio relanza \u201cProyecto Puente\u201d"},"content":{"rendered":"<p>El pr\u00f3ximo 17 de agosto abrir\u00e1 la inscripci\u00f3n de este programa que busca \u201cretomar y profundizar los saberes trabajados en la escuela secundaria, que ser\u00e1n requeridos en los ingresos o las materias de los primeros a\u00f1os de los Estudios Superiores\u201d.<!--more--><\/p>\n<hr \/>\n<p>Informado por el Municipio,<strong> el pr\u00f3ximo 17 de agosto abrir\u00e1 la inscripci\u00f3n para estudiantes del \u00faltimo a\u00f1o de nivel secundario, para participar de una nueva edici\u00f3n de Proyecto Puente Educativo.<\/strong><\/p>\n<p>&nbsp;<\/p>\n<p>Se trata de una propuesta impulsada desde el Museo de las Ciencias que busca <em>\u201cretomar y profundizar los saberes trabajados en la escuela secundaria, que ser\u00e1n requeridos en los ingresos o las materias de los primeros a\u00f1os de los Estudios Superiores\u201d.<\/em><\/p>\n<p>&nbsp;<\/p>\n<p>En este contexto epidemiol\u00f3gico,<strong> el Proyecto Puente Educativo retomar\u00e1 de manera presencial el 6 de septiembre, en las instalaciones del Museo de las Ciencias, bajo estrictos protocolos biosanitarios.<\/strong> Finalizar\u00e1 en el mes de noviembre.<\/p>\n<p>&nbsp;<\/p>\n<p>Se recuerda que los contenidos abordados comprenden <strong>talleres de matem\u00e1tica, f\u00edsica, biolog\u00eda, qu\u00edmica y t\u00e9cnicas de estudio.<\/strong> Dentro de los contenidos de cada taller se har\u00e1 la revisi\u00f3n te\u00f3rica de contenidos, resoluci\u00f3n de ejercicios y problem\u00e1ticas, consulta de dudas, intercambio de opiniones y formas de abordaje para la resoluci\u00f3n de problemas; recomendaciones did\u00e1cticas para el estudio de cada una de las disciplinas y trabajo con materiales de cada materia basados en los ingresos a las diferentes carreras.<\/p>\n<p>&nbsp;<\/p>\n<p>Los interesados <strong>podr\u00e1n inscribirse, desde el 17 y hasta el 31 de agosto, en todos los talleres u optar por uno, seg\u00fan la carrera elegida.<\/strong> Pueden participar aquellos estudiantes de 6\u00ba a\u00f1o de EES de Escuelas de Gesti\u00f3n Estatal y Privada del Partido de Olavarr\u00eda.<\/p>\n<p>&nbsp;<\/p>\n<p>Por consultas, los interesados pueden comunicarse al correo <strong>proyectopuenteeducativo@gmail.com o al tel\u00e9fono 413343.<\/strong><\/p>\n","protected":false},"excerpt":{"rendered":"<p>El pr\u00f3ximo 17 de agosto abrir\u00e1 la inscripci\u00f3n de este programa que busca \u201cretomar y profundizar los saberes trabajados en<\/p>\n","protected":false},"author":2,"featured_media":28409,"comment_status":"closed","ping_status":"closed","sticky":false,"template":"","format":"standard","meta":{"_jetpack_memberships_contains_paid_content":false,"footnotes":""},"categories":[5,1],"tags":[],"class_list":["post-28408","post","type-post","status-publish","format-standard","has-post-thumbnail","hentry","category-informacion-general","category-portada"],"jetpack_featured_media_url":"https:\/\/i0.wp.com\/cdnoticias.com\/wp-content\/uploads\/2021\/08\/Educacion-Proyecto-Puente-1024x768.jpeg?fit=1024%2C768&ssl=1","jetpack_sharing_enabled":true,"_links":{"self":[{"href":"https:\/\/cdnoticias.com\/index.php\/wp-json\/wp\/v2\/posts\/28408","targetHints":{"allow":["GET"]}}],"collection":[{"href":"https:\/\/cdnoticias.com\/index.php\/wp-json\/wp\/v2\/posts"}],"about":[{"href":"https:\/\/cdnoticias.com\/index.php\/wp-json\/wp\/v2\/types\/post"}],"author":[{"embeddable":true,"href":"https:\/\/cdnoticias.com\/index.php\/wp-json\/wp\/v2\/users\/2"}],"replies":[{"embeddable":true,"href":"https:\/\/cdnoticias.com\/index.php\/wp-json\/wp\/v2\/comments?post=28408"}],"version-history":[{"count":0,"href":"https:\/\/cdnoticias.com\/index.php\/wp-json\/wp\/v2\/posts\/28408\/revisions"}],"wp:featuredmedia":[{"embeddable":true,"href":"https:\/\/cdnoticias.com\/index.php\/wp-json\/wp\/v2\/media\/28409"}],"wp:attachment":[{"href":"https:\/\/cdnoticias.com\/index.php\/wp-json\/wp\/v2\/media?parent=28408"}],"wp:term":[{"taxonomy":"category","embeddable":true,"href":"https:\/\/cdnoticias.com\/index.php\/wp-json\/wp\/v2\/categories?post=28408"},{"taxonomy":"post_tag","embeddable":true,"href":"https:\/\/cdnoticias.com\/index.php\/wp-json\/wp\/v2\/tags?post=28408"}],"curies":[{"name":"wp","href":"https:\/\/api.w.org\/{rel}","templated":true}]}}