{"id":28406,"date":"2021-08-03T12:54:50","date_gmt":"2021-08-03T15:54:50","guid":{"rendered":"http:\/\/www.centraldenoticias.com.ar\/?p=28406"},"modified":"2021-08-03T16:40:33","modified_gmt":"2021-08-03T19:40:33","slug":"estela-diaz-el-exito-es-acercar-una-herramienta-que-se-necesita","status":"publish","type":"post","link":"https:\/\/cdnoticias.com\/index.php\/2021\/08\/03\/estela-diaz-el-exito-es-acercar-una-herramienta-que-se-necesita\/","title":{"rendered":"Estela D\u00edaz: \u201cel \u00e9xito es acercar una herramienta que se necesita\u201d"},"content":{"rendered":"<p>La ministra de las Mujeres bonaerense estuvo en Olavarr\u00eda con una extensa agenda, centralizada en el lanzamiento del programa Acompa\u00f1ar. Explic\u00f3 los alcances y destac\u00f3 a Olavarr\u00eda por su enorme convocatoria.<!--more--><\/p>\n<hr \/>\n<p><strong>Este martes por la ma\u00f1ana, la ministra de las Mujeres de la Provincia, Estela D\u00edaz, visit\u00f3 la ciudad<\/strong> para comenzar con una extensa agenda con varias actividades vinculadas a su cartera, centralizadas en el <strong>programa Acompa\u00f1ar, que tuvo una importante convocatoria en la ciudad, situaci\u00f3n que gener\u00f3 sorpresa y preocupaci\u00f3n<\/strong> por la gran cantidad de mujeres y disidencias que sufren violencia.<\/p>\n<p>&nbsp;<\/p>\n<p>En la<strong> conferencia de prensa<\/strong> realizada en instalaciones del CECO, participaron, adem\u00e1s de D\u00edaz, <em>la delegada regional del ministerio Hosanna Cazola, la subsecretaria de Pol\u00edticas contra las Violencias por Razones de G\u00e9nero, Flavia Delmas, el titular de la Anses en Olavarr\u00eda, Maximiliano Wesner, el diputado provincial Cesar Valicenti y la secretaria de Acci\u00f3n Social Mutualismo, Cooperativismo y Departamento de la Mujer del CECO, Viviana G\u00f3mez<\/em>. Esta \u00faltima dio la bienvenida a la ministra.<\/p>\n<p><img data-recalc-dims=\"1\" loading=\"lazy\" decoding=\"async\" class=\"alignnone size-large wp-image-28400\" src=\"https:\/\/i0.wp.com\/cdnoticias.com\/wp-content\/uploads\/2021\/08\/conferencia-estela-diaz-3.jpg?resize=800%2C445&#038;ssl=1\" alt=\"\" width=\"800\" height=\"445\" srcset=\"https:\/\/i0.wp.com\/cdnoticias.com\/wp-content\/uploads\/2021\/08\/conferencia-estela-diaz-3.jpg?resize=1024%2C569&amp;ssl=1 1024w, https:\/\/i0.wp.com\/cdnoticias.com\/wp-content\/uploads\/2021\/08\/conferencia-estela-diaz-3.jpg?resize=300%2C167&amp;ssl=1 300w, https:\/\/i0.wp.com\/cdnoticias.com\/wp-content\/uploads\/2021\/08\/conferencia-estela-diaz-3.jpg?resize=768%2C427&amp;ssl=1 768w, https:\/\/i0.wp.com\/cdnoticias.com\/wp-content\/uploads\/2021\/08\/conferencia-estela-diaz-3.jpg?resize=800%2C445&amp;ssl=1 800w, https:\/\/i0.wp.com\/cdnoticias.com\/wp-content\/uploads\/2021\/08\/conferencia-estela-diaz-3.jpg?w=1447&amp;ssl=1 1447w\" sizes=\"auto, (max-width: 800px) 100vw, 800px\" \/><\/p>\n<p>&nbsp;<\/p>\n<p>M\u00e1s adelante se sumaron a la conferencia el <em>titular del Banco Provincia en Olavarr\u00eda, Fernando Lospinoso<\/em>, y la <em>coordinadora del Programa Acompa\u00f1ar, Claudia Perugino<\/em>, funcionaria del Ministerio de las Mujeres, G\u00e9nero y Diversidad.<\/p>\n<p>&nbsp;<\/p>\n<blockquote><p>Con respecto al programa Acompa\u00f1ar, D\u00edaz indic\u00f3 que son \u201crespuestas del Estado para no permitir la vulnerabilidad de derechos\u201d. \u201cEstamos enormemente agradecidas, reconocemos esta pol\u00edtica nacional que articula con muchos otros organismos nacionales, provinciales y locales\u201d agreg\u00f3.<\/p><\/blockquote>\n<p>&nbsp;<\/p>\n<p>Justamente, la gran demanda de olavarrienses para acceder al programa mostr\u00f3 <strong>\u201cla traba acerca de no saber c\u00f3mo se hacen los tr\u00e1mites\u201d<\/strong>. Explic\u00f3 que \u201cel Acompa\u00f1ar es un subsidio de seis meses de un salario vital, m\u00ednimo y m\u00f3vil. Tiene incompatibilidades como el cobro de una jubilaci\u00f3n. Esa es la importancia de Anses en el programa, por ejemplo. El Banco Provincia abre las cuentas DNI y atienden mujeres y personas de la diversidad. Hay mucha afluencia de personas que son de Olavarr\u00eda y de localidades cercanas\u201d. Cabe recordar que <a href=\"https:\/\/cdnoticias.com\/index.php\/2021\/08\/02\/mas-de-100-consultas-en-la-primera-jornada-del-programa-acompanar\/\" target=\"_blank\" rel=\"noopener\">en su primera jornada en Olavarr\u00eda se acercaron 110 personas<\/a>.<\/p>\n<p>&nbsp;<\/p>\n<blockquote><p>Este programa es ocuparse, para D\u00edaz, \u201cde una problem\u00e1tica de enormes dimensiones. El \u00e9xito es acercar una herramienta que se necesita, para mujeres que sufren violencia y salir de la violencia con autonom\u00eda econ\u00f3mica\u201d. Adem\u00e1s, destac\u00f3 \u201cel camino de las mesas locales intersectoriales. Construir respuestas, de esto se trata\u201d.<\/p><\/blockquote>\n<p>&nbsp;<\/p>\n<p><img data-recalc-dims=\"1\" loading=\"lazy\" decoding=\"async\" class=\"alignnone size-large wp-image-28398\" src=\"https:\/\/i0.wp.com\/cdnoticias.com\/wp-content\/uploads\/2021\/08\/conferencia-estela-diaz-1.jpg?resize=800%2C445&#038;ssl=1\" alt=\"\" width=\"800\" height=\"445\" srcset=\"https:\/\/i0.wp.com\/cdnoticias.com\/wp-content\/uploads\/2021\/08\/conferencia-estela-diaz-1.jpg?resize=1024%2C570&amp;ssl=1 1024w, https:\/\/i0.wp.com\/cdnoticias.com\/wp-content\/uploads\/2021\/08\/conferencia-estela-diaz-1.jpg?resize=300%2C167&amp;ssl=1 300w, https:\/\/i0.wp.com\/cdnoticias.com\/wp-content\/uploads\/2021\/08\/conferencia-estela-diaz-1.jpg?resize=768%2C427&amp;ssl=1 768w, https:\/\/i0.wp.com\/cdnoticias.com\/wp-content\/uploads\/2021\/08\/conferencia-estela-diaz-1.jpg?resize=800%2C445&amp;ssl=1 800w, https:\/\/i0.wp.com\/cdnoticias.com\/wp-content\/uploads\/2021\/08\/conferencia-estela-diaz-1.jpg?w=1600&amp;ssl=1 1600w\" sizes=\"auto, (max-width: 800px) 100vw, 800px\" \/><\/p>\n<p>&nbsp;<\/p>\n<p>La problem\u00e1tica es tal (se insisti\u00f3 en la \u201csorpresa\u201d de la importante demanda en la ciudad) que <strong>\u201cnos encontramos que ni herramientas ten\u00edamos para dimensionar la problem\u00e1tica\u201d<\/strong>. \u201cTambi\u00e9n vengo en nombre del gobernador Kicillof, que plantea la discusi\u00f3n en la perspectiva de gente son centrales para construir una sociedad que iguale, reeduque y erradique violencias. Nos toc\u00f3 en un contexto complej\u00edsimo de pandemia\u201d.<\/p>\n<p>&nbsp;<\/p>\n<p>Flavia Delmas, subsecretaria de Pol\u00edticas contra las Violencias por Razones de G\u00e9nero, tambi\u00e9n se refiri\u00f3 en la conferencia del programa y destac\u00f3 que<strong> \u201cnos da un panorama de lo que sucede en el interior&#8221;<\/strong>. Destac\u00f3 la presencia de Anses y Bapro, y la ministra D\u00edaz destac\u00f3 el rol de la entidad nacional y su titular en Olavarr\u00eda, Maximiliano Wesner: <strong>\u201cse esperan m\u00e1s de mil anotadas por lo del reconocimiento a tareas de cuidado en Olavarr\u00eda\u201d<\/strong> dijo, en otros temas, en un hecho para \u201creconocer el trabajo invisible de las mujeres\u201d. En este sentido, Anses inform\u00f3 el inicio de estos tr\u00e1mites en Olavarr\u00eda:<a href=\"https:\/\/cdnoticias.com\/index.php\/2021\/08\/03\/reconocimiento-de-aportes-por-tareas-de-cuidado-se-anotaron-25-mujeres-el-primer-dia\/\" target=\"_blank\" rel=\"noopener\"> 25 mujeres ya solicitaron el reconocimiento<\/a>.<\/p>\n<p>&nbsp;<\/p>\n<p>Con respecto al<strong> fondo municipal contra la violencia de g\u00e9nero que se firmar\u00e1 con el intendente Ezequiel Galli<\/strong>, la titular del Ministerio explic\u00f3 que \u201cse renueva regularmente porque es un fondo de asistencia inmediata\u201d y \u201cse trabaja coordinadamente con los municipios y las mesas de violencia\u201d.<\/p>\n<p>&nbsp;<\/p>\n<p>Finalmente, Claudia Perugino, del programa Acompa\u00f1ar en la Naci\u00f3n, expres\u00f3 que \u201ces un gran esfuerzo construir esta pol\u00edtica en pandemia\u201d y dijo que <strong>\u201csiempre supimos que la pata econ\u00f3mica era una falencia en esta pol\u00edtica&#8221;<\/strong>. Justamente, valor\u00f3 la decisi\u00f3n del Gobierno Nacional de destinar fondos para brindar la asistencia para este programa.<\/p>\n<p><img data-recalc-dims=\"1\" loading=\"lazy\" decoding=\"async\" class=\"size-large wp-image-28402 aligncenter\" src=\"https:\/\/i0.wp.com\/cdnoticias.com\/wp-content\/uploads\/2021\/08\/conferencia-estela-diaz-5.jpg?resize=800%2C445&#038;ssl=1\" alt=\"\" width=\"800\" height=\"445\" srcset=\"https:\/\/i0.wp.com\/cdnoticias.com\/wp-content\/uploads\/2021\/08\/conferencia-estela-diaz-5.jpg?resize=1024%2C570&amp;ssl=1 1024w, https:\/\/i0.wp.com\/cdnoticias.com\/wp-content\/uploads\/2021\/08\/conferencia-estela-diaz-5.jpg?resize=300%2C167&amp;ssl=1 300w, https:\/\/i0.wp.com\/cdnoticias.com\/wp-content\/uploads\/2021\/08\/conferencia-estela-diaz-5.jpg?resize=768%2C427&amp;ssl=1 768w, https:\/\/i0.wp.com\/cdnoticias.com\/wp-content\/uploads\/2021\/08\/conferencia-estela-diaz-5.jpg?resize=800%2C445&amp;ssl=1 800w, https:\/\/i0.wp.com\/cdnoticias.com\/wp-content\/uploads\/2021\/08\/conferencia-estela-diaz-5.jpg?w=1600&amp;ssl=1 1600w\" sizes=\"auto, (max-width: 800px) 100vw, 800px\" \/><\/p>\n<p>&nbsp;<\/p>\n<p><strong>\u201cTolerancia ninguna\u201d<\/strong><\/p>\n<p>&nbsp;<\/p>\n<p>Tambi\u00e9n hubo un momento para hablar del caso de Florencia Pe\u00f1a, centralizado en los repudiables dichos del diputado nacional Fernando Iglesias, quien acus\u00f3 a Pe\u00f1a de ir a la Quinta de Olivos \u201cpor sexo\u201d. \u201cNo debemos bancarlo, nadie. <strong>Tolerancia ninguna a la violencia sexista en la pol\u00edtica<\/strong>. Espero que se tomen medidas en la C\u00e1mara de Diputados&#8221; dijo D\u00edaz quien adem\u00e1s refiri\u00f3 a otros episodios que protagoniz\u00f3 el mismo diputado.<\/p>\n<p>&nbsp;<\/p>\n<p>D\u00edaz describi\u00f3 a Iglesias como \u201cviolento y patotero\u201d y reiter\u00f3 su <strong>pedido de \u201cmedidas disciplinarias\u201d en la C\u00e1mara Baja<\/strong>.<\/p>\n<p>&nbsp;<\/p>\n<p>Al cierre de la conferencia, <strong>la ministra D\u00edaz particip\u00f3 de una reuni\u00f3n con mujeres sindicalistas<\/strong>. Tambi\u00e9n tuvo lugar en la sede del Centro Empleados de Comercio local. Se acercaron dirigentes de distintos puntos de la regi\u00f3n para formar parte de este encuentro.<\/p>\n<p>&nbsp;<\/p>\n<p><img data-recalc-dims=\"1\" loading=\"lazy\" decoding=\"async\" class=\"size-large wp-image-28401 aligncenter\" src=\"https:\/\/i0.wp.com\/cdnoticias.com\/wp-content\/uploads\/2021\/08\/conferencia-estela-diaz-4.jpg?resize=800%2C445&#038;ssl=1\" alt=\"\" width=\"800\" height=\"445\" srcset=\"https:\/\/i0.wp.com\/cdnoticias.com\/wp-content\/uploads\/2021\/08\/conferencia-estela-diaz-4.jpg?resize=1024%2C570&amp;ssl=1 1024w, https:\/\/i0.wp.com\/cdnoticias.com\/wp-content\/uploads\/2021\/08\/conferencia-estela-diaz-4.jpg?resize=300%2C167&amp;ssl=1 300w, https:\/\/i0.wp.com\/cdnoticias.com\/wp-content\/uploads\/2021\/08\/conferencia-estela-diaz-4.jpg?resize=768%2C427&amp;ssl=1 768w, https:\/\/i0.wp.com\/cdnoticias.com\/wp-content\/uploads\/2021\/08\/conferencia-estela-diaz-4.jpg?resize=800%2C445&amp;ssl=1 800w, https:\/\/i0.wp.com\/cdnoticias.com\/wp-content\/uploads\/2021\/08\/conferencia-estela-diaz-4.jpg?w=1600&amp;ssl=1 1600w\" sizes=\"auto, (max-width: 800px) 100vw, 800px\" \/><\/p>\n","protected":false},"excerpt":{"rendered":"<p>La ministra de las Mujeres bonaerense estuvo en Olavarr\u00eda con una extensa agenda, centralizada en el lanzamiento del programa Acompa\u00f1ar.<\/p>\n","protected":false},"author":4,"featured_media":28399,"comment_status":"closed","ping_status":"closed","sticky":false,"template":"","format":"standard","meta":{"_jetpack_memberships_contains_paid_content":false,"footnotes":""},"categories":[3,1],"tags":[],"class_list":["post-28406","post","type-post","status-publish","format-standard","has-post-thumbnail","hentry","category-genero","category-portada"],"jetpack_featured_media_url":"https:\/\/i0.wp.com\/cdnoticias.com\/wp-content\/uploads\/2021\/08\/conferencia-estela-diaz-2.jpg?fit=1600%2C890&ssl=1","jetpack_sharing_enabled":true,"_links":{"self":[{"href":"https:\/\/cdnoticias.com\/index.php\/wp-json\/wp\/v2\/posts\/28406","targetHints":{"allow":["GET"]}}],"collection":[{"href":"https:\/\/cdnoticias.com\/index.php\/wp-json\/wp\/v2\/posts"}],"about":[{"href":"https:\/\/cdnoticias.com\/index.php\/wp-json\/wp\/v2\/types\/post"}],"author":[{"embeddable":true,"href":"https:\/\/cdnoticias.com\/index.php\/wp-json\/wp\/v2\/users\/4"}],"replies":[{"embeddable":true,"href":"https:\/\/cdnoticias.com\/index.php\/wp-json\/wp\/v2\/comments?post=28406"}],"version-history":[{"count":0,"href":"https:\/\/cdnoticias.com\/index.php\/wp-json\/wp\/v2\/posts\/28406\/revisions"}],"wp:featuredmedia":[{"embeddable":true,"href":"https:\/\/cdnoticias.com\/index.php\/wp-json\/wp\/v2\/media\/28399"}],"wp:attachment":[{"href":"https:\/\/cdnoticias.com\/index.php\/wp-json\/wp\/v2\/media?parent=28406"}],"wp:term":[{"taxonomy":"category","embeddable":true,"href":"https:\/\/cdnoticias.com\/index.php\/wp-json\/wp\/v2\/categories?post=28406"},{"taxonomy":"post_tag","embeddable":true,"href":"https:\/\/cdnoticias.com\/index.php\/wp-json\/wp\/v2\/tags?post=28406"}],"curies":[{"name":"wp","href":"https:\/\/api.w.org\/{rel}","templated":true}]}}