{"id":28383,"date":"2021-08-03T10:05:55","date_gmt":"2021-08-03T13:05:55","guid":{"rendered":"http:\/\/www.centraldenoticias.com.ar\/?p=28383"},"modified":"2021-08-03T10:05:55","modified_gmt":"2021-08-03T13:05:55","slug":"mercado-olavarriense-convocan-a-emprendedores-locales","status":"publish","type":"post","link":"https:\/\/cdnoticias.com\/index.php\/2021\/08\/03\/mercado-olavarriense-convocan-a-emprendedores-locales\/","title":{"rendered":"\u201cMercado Olavarriense\u201d: convocan a emprendedores locales"},"content":{"rendered":"<p>La feria se desarrollar\u00e1 el pr\u00f3ximo 5 de septiembre en el Parque Helios Eseverri de 10 a 18 horas.\u00a0<!--more--><\/p>\n<hr \/>\n<p>Desde la Secretar\u00eda de Desarrollo Econ\u00f3mico Municipal se convoc\u00f3 a emprendedores locales para participar de \u201cMercado Olavarriense\u201d. <strong>Esta feria se llevar\u00e1 a cabo el 5 de septiembre en el Parque Helios Eseverri (sector de Juegos infantiles), de 10:00 a 18:00 horas, para ofrecer una gran variedad de productos locales.<\/strong><\/p>\n<p>&nbsp;<\/p>\n<blockquote><p>Este programa es una continuidad del \u201cMercado en tu Barrio\u201d, en donde se ampl\u00eda la oferta de la feria y se incluye a emprendedores en general, que produzcan o presenten servicios en nuestra localidad.<\/p><\/blockquote>\n<p>&nbsp;<\/p>\n<p>Cabe destacar que \u201cMercado Olavarriense\u201d es un programa integral que posee como principal objetivo<strong><em> &#8220;mejorar la visualizaci\u00f3n y comunicaci\u00f3n de la oferta emprendedora local&#8221;.<\/em><\/strong><\/p>\n<p>&nbsp;<\/p>\n<p>La convocatoria cierra el 27 de agosto. <strong>Quienes est\u00e9n interesados en participar se podr\u00e1n inscribir haciendo clic aqu\u00ed o en la Secretar\u00eda de Desarrollo Econ\u00f3mico, calle Moreno 2765, Tel: 422135\/195, o v\u00eda email: economia.social@olavarria.gov.ar.<\/strong><\/p>\n","protected":false},"excerpt":{"rendered":"<p>La feria se desarrollar\u00e1 el pr\u00f3ximo 5 de septiembre en el Parque Helios Eseverri de 10 a 18 horas.\u00a0<\/p>\n","protected":false},"author":2,"featured_media":28384,"comment_status":"closed","ping_status":"closed","sticky":false,"template":"","format":"standard","meta":{"_jetpack_memberships_contains_paid_content":false,"footnotes":""},"categories":[5,1],"tags":[],"class_list":["post-28383","post","type-post","status-publish","format-standard","has-post-thumbnail","hentry","category-informacion-general","category-portada"],"jetpack_featured_media_url":"https:\/\/i0.wp.com\/cdnoticias.com\/wp-content\/uploads\/2021\/08\/DE-Mercado-Olavarria-1024x768.jpg?fit=1024%2C768&ssl=1","jetpack_sharing_enabled":true,"_links":{"self":[{"href":"https:\/\/cdnoticias.com\/index.php\/wp-json\/wp\/v2\/posts\/28383","targetHints":{"allow":["GET"]}}],"collection":[{"href":"https:\/\/cdnoticias.com\/index.php\/wp-json\/wp\/v2\/posts"}],"about":[{"href":"https:\/\/cdnoticias.com\/index.php\/wp-json\/wp\/v2\/types\/post"}],"author":[{"embeddable":true,"href":"https:\/\/cdnoticias.com\/index.php\/wp-json\/wp\/v2\/users\/2"}],"replies":[{"embeddable":true,"href":"https:\/\/cdnoticias.com\/index.php\/wp-json\/wp\/v2\/comments?post=28383"}],"version-history":[{"count":0,"href":"https:\/\/cdnoticias.com\/index.php\/wp-json\/wp\/v2\/posts\/28383\/revisions"}],"wp:featuredmedia":[{"embeddable":true,"href":"https:\/\/cdnoticias.com\/index.php\/wp-json\/wp\/v2\/media\/28384"}],"wp:attachment":[{"href":"https:\/\/cdnoticias.com\/index.php\/wp-json\/wp\/v2\/media?parent=28383"}],"wp:term":[{"taxonomy":"category","embeddable":true,"href":"https:\/\/cdnoticias.com\/index.php\/wp-json\/wp\/v2\/categories?post=28383"},{"taxonomy":"post_tag","embeddable":true,"href":"https:\/\/cdnoticias.com\/index.php\/wp-json\/wp\/v2\/tags?post=28383"}],"curies":[{"name":"wp","href":"https:\/\/api.w.org\/{rel}","templated":true}]}}