{"id":28381,"date":"2021-08-03T09:44:30","date_gmt":"2021-08-03T12:44:30","guid":{"rendered":"http:\/\/www.centraldenoticias.com.ar\/?p=28381"},"modified":"2021-08-03T09:44:30","modified_gmt":"2021-08-03T12:44:30","slug":"vecinos-de-kochi-tue-pidieron-considerar-al-paraje-centro-de-actividades-agroecologicas","status":"publish","type":"post","link":"https:\/\/cdnoticias.com\/index.php\/2021\/08\/03\/vecinos-de-kochi-tue-pidieron-considerar-al-paraje-centro-de-actividades-agroecologicas\/","title":{"rendered":"Vecinos de Kochi-Tue pidieron considerar al paraje \u201ccentro de actividades agroecol\u00f3gicas\u201d"},"content":{"rendered":"<p>Pidieron al Concejo Deliberante implementar una resoluci\u00f3n aprobada en el a\u00f1o 2019. \u201cNuestra comunidad se caracteriza por el estilo de vida cuidadoso del medioambiente de las familias que lo habitamos\u201d indicaron.<!--more--><\/p>\n<hr \/>\n<p>Este martes, en el Concejo Deliberante<strong>, vecinos de Kochi Tu\u00e9 presentaron una nota al presidente del cuerpo, Bruno Cenizo, solicitando declarar al paraje como \u201cun centro de actividades ecol\u00f3gicas\u201d tal como ya fue declarado por Resoluci\u00f3n N\u00b0125\/19.<\/strong><\/p>\n<p>&nbsp;<\/p>\n<p>En la nota, firmada por varios vecinos <strong><em>\u201cde Kochi-Tu\u00e9 y la zona, queremos solicitarle que se gestione un proyecto de ordenanza en la cual se considere a nuestro paraje como un centro de actividades agroecol\u00f3gicas\u201d<\/em><\/strong>, tal como ha sido declarado por Resoluci\u00f3n N\u00b0 125\/19, indicaron.<\/p>\n<p>&nbsp;<\/p>\n<blockquote><p>Justamente, la Resoluci\u00f3n resalta <em>\u201cel estilo de vida cuidadoso del medioambiente de las familias que lo habitamos y realizamos producciones de diversos tipos como huertas agroecol\u00f3gicas, cr\u00eda de ganado y animales de corral (porcinos, pollos, conejos) plantaciones de frutales y sembrados\u201d<\/em>. Tambi\u00e9n <em>\u201cpracticamos apicultura y dem\u00e1s acciones que ayudan al medioambiente\u201d.<\/em><\/p><\/blockquote>\n<p>&nbsp;<\/p>\n<p>Justamente, la intenci\u00f3n m\u00e1s all\u00e1 de defender el medioambiente es <strong><em>\u201cactivar el paraje en s\u00ed, para que los visitantes disfruten de la observaci\u00f3n del paisaje de la zona y del ecosistema del lugar, que es interesante y natural\u201d.<\/em><\/strong><\/p>\n<p>&nbsp;<\/p>\n<p><em>\u201cEn este contexto de ideas y proyecciones, todos los habitantes de Kochi-Tu\u00e9 luchamos cotidianamente por defender el medioambiente, buscando <strong>generar concientizaci\u00f3n sobre la producci\u00f3n agroecol\u00f3gica y avanzar en un modelo de producci\u00f3n que sea sano, sin qu\u00edmicos, naturalmente producido<\/strong>\u201d<\/em> cerraron.<\/p>\n","protected":false},"excerpt":{"rendered":"<p>Pidieron al Concejo Deliberante implementar una resoluci\u00f3n aprobada en el a\u00f1o 2019. \u201cNuestra comunidad se caracteriza por el estilo de<\/p>\n","protected":false},"author":2,"featured_media":2709,"comment_status":"closed","ping_status":"closed","sticky":false,"template":"","format":"standard","meta":{"_jetpack_memberships_contains_paid_content":false,"footnotes":""},"categories":[5,1],"tags":[],"class_list":["post-28381","post","type-post","status-publish","format-standard","has-post-thumbnail","hentry","category-informacion-general","category-portada"],"jetpack_featured_media_url":"https:\/\/i0.wp.com\/cdnoticias.com\/wp-content\/uploads\/2020\/09\/Concejo-Generica.jpg?fit=4608%2C3072&ssl=1","jetpack_sharing_enabled":true,"_links":{"self":[{"href":"https:\/\/cdnoticias.com\/index.php\/wp-json\/wp\/v2\/posts\/28381","targetHints":{"allow":["GET"]}}],"collection":[{"href":"https:\/\/cdnoticias.com\/index.php\/wp-json\/wp\/v2\/posts"}],"about":[{"href":"https:\/\/cdnoticias.com\/index.php\/wp-json\/wp\/v2\/types\/post"}],"author":[{"embeddable":true,"href":"https:\/\/cdnoticias.com\/index.php\/wp-json\/wp\/v2\/users\/2"}],"replies":[{"embeddable":true,"href":"https:\/\/cdnoticias.com\/index.php\/wp-json\/wp\/v2\/comments?post=28381"}],"version-history":[{"count":0,"href":"https:\/\/cdnoticias.com\/index.php\/wp-json\/wp\/v2\/posts\/28381\/revisions"}],"wp:featuredmedia":[{"embeddable":true,"href":"https:\/\/cdnoticias.com\/index.php\/wp-json\/wp\/v2\/media\/2709"}],"wp:attachment":[{"href":"https:\/\/cdnoticias.com\/index.php\/wp-json\/wp\/v2\/media?parent=28381"}],"wp:term":[{"taxonomy":"category","embeddable":true,"href":"https:\/\/cdnoticias.com\/index.php\/wp-json\/wp\/v2\/categories?post=28381"},{"taxonomy":"post_tag","embeddable":true,"href":"https:\/\/cdnoticias.com\/index.php\/wp-json\/wp\/v2\/tags?post=28381"}],"curies":[{"name":"wp","href":"https:\/\/api.w.org\/{rel}","templated":true}]}}