{"id":28376,"date":"2021-08-03T08:31:46","date_gmt":"2021-08-03T11:31:46","guid":{"rendered":"http:\/\/www.centraldenoticias.com.ar\/?p=28376"},"modified":"2021-08-03T10:24:17","modified_gmt":"2021-08-03T13:24:17","slug":"prorroga-de-24-meses-para-licencias-nacionales-de-conducir-emitidas-por-la-provincia","status":"publish","type":"post","link":"https:\/\/cdnoticias.com\/index.php\/2021\/08\/03\/prorroga-de-24-meses-para-licencias-nacionales-de-conducir-emitidas-por-la-provincia\/","title":{"rendered":"Pr\u00f3rroga de 24 meses para licencias nacionales de conducir emitidas por la Provincia"},"content":{"rendered":"<p>Son para los carnets emitidos en el distrito que hayan operado entre el 15 de febrero de 2020 y el 31 de diciembre.<!--more--><\/p>\n<hr \/>\n<p><strong>El Gobierno bonaerense prorrog\u00f3 por dos a\u00f1os los vencimientos de las licencias nacionales de conducir emitidas en el distrito que hayan operado entre el 15 de febrero de 2020 y el 31 de diciembre<\/strong> inclusive, en el marco de la emergencia por la pandemia.<\/p>\n<p>&nbsp;<\/p>\n<p>A trav\u00e9s de la disposici\u00f3n 54 publicada este martes en el Bolet\u00edn Oficial del distrito, <strong>se dispuso adem\u00e1s prorrogar los vencimientos de los registros emitidos por la provincia<\/strong> que operen entre el 1 de enero de 2021 y el 31 de diciembre, en este caso por 18 meses.<\/p>\n<p>&nbsp;<\/p>\n<blockquote><p>Tambi\u00e9n se facult\u00f3 a los centros de emisi\u00f3n de licencias de conducir a \u201corganizar su atenci\u00f3n al p\u00fablico presencial, determinando nuevos horarios para la realizaci\u00f3n de tr\u00e1mites\u201d.<\/p><\/blockquote>\n<p>&nbsp;<\/p>\n<p>Las autoridades de esos lugares \u201cdeber\u00e1n procurar la observancia de las <strong>recomendaciones m\u00ednimas de seguridad sanitaria<\/strong>, a fin de morigerar la presencia masiva de personas dentro de sus sedes\u201d.<\/p>\n<p>&nbsp;<\/p>\n<p>Fuente: <em>Agencia DIB<\/em><\/p>\n","protected":false},"excerpt":{"rendered":"<p>Son para los carnets emitidos en el distrito que hayan operado entre el 15 de febrero de 2020 y el<\/p>\n","protected":false},"author":4,"featured_media":28377,"comment_status":"closed","ping_status":"closed","sticky":false,"template":"","format":"standard","meta":{"_jetpack_memberships_contains_paid_content":false,"footnotes":""},"categories":[6,1],"tags":[],"class_list":["post-28376","post","type-post","status-publish","format-standard","has-post-thumbnail","hentry","category-nacionales","category-portada"],"jetpack_featured_media_url":"https:\/\/i0.wp.com\/cdnoticias.com\/wp-content\/uploads\/2021\/08\/DIB-Licencia-de-conducir-gob-ar-696x392.jpg?fit=696%2C392&ssl=1","jetpack_sharing_enabled":true,"_links":{"self":[{"href":"https:\/\/cdnoticias.com\/index.php\/wp-json\/wp\/v2\/posts\/28376","targetHints":{"allow":["GET"]}}],"collection":[{"href":"https:\/\/cdnoticias.com\/index.php\/wp-json\/wp\/v2\/posts"}],"about":[{"href":"https:\/\/cdnoticias.com\/index.php\/wp-json\/wp\/v2\/types\/post"}],"author":[{"embeddable":true,"href":"https:\/\/cdnoticias.com\/index.php\/wp-json\/wp\/v2\/users\/4"}],"replies":[{"embeddable":true,"href":"https:\/\/cdnoticias.com\/index.php\/wp-json\/wp\/v2\/comments?post=28376"}],"version-history":[{"count":0,"href":"https:\/\/cdnoticias.com\/index.php\/wp-json\/wp\/v2\/posts\/28376\/revisions"}],"wp:featuredmedia":[{"embeddable":true,"href":"https:\/\/cdnoticias.com\/index.php\/wp-json\/wp\/v2\/media\/28377"}],"wp:attachment":[{"href":"https:\/\/cdnoticias.com\/index.php\/wp-json\/wp\/v2\/media?parent=28376"}],"wp:term":[{"taxonomy":"category","embeddable":true,"href":"https:\/\/cdnoticias.com\/index.php\/wp-json\/wp\/v2\/categories?post=28376"},{"taxonomy":"post_tag","embeddable":true,"href":"https:\/\/cdnoticias.com\/index.php\/wp-json\/wp\/v2\/tags?post=28376"}],"curies":[{"name":"wp","href":"https:\/\/api.w.org\/{rel}","templated":true}]}}