{"id":28352,"date":"2021-08-02T19:04:29","date_gmt":"2021-08-02T22:04:29","guid":{"rendered":"http:\/\/www.centraldenoticias.com.ar\/?p=28352"},"modified":"2021-08-02T19:04:29","modified_gmt":"2021-08-02T22:04:29","slug":"matias-nicolas-hermosilla-matu-q-e-p-d","status":"publish","type":"post","link":"https:\/\/cdnoticias.com\/index.php\/2021\/08\/02\/matias-nicolas-hermosilla-matu-q-e-p-d\/","title":{"rendered":"Mat\u00edas Nicol\u00e1s Hermosilla &#8220;Matu&#8221;  (Q.E.P.D.)"},"content":{"rendered":"<p>Falleci\u00f3 en CABA\u00a0 el d\u00eda 1 de Agosto de 2021 a los\u00a0 19 a\u00f1os de edad. Sus padres: Magal\u00ed Millia y Rodrigo Hermosilla; sus abuelos; sus t\u00edos; sus primos; sus amigos y dem\u00e1s deudos participan su fallecimiento.<\/p>\n<p>&nbsp;<\/p>\n<p>Sus restos ser\u00e1n velados este este lunes desde las 21.30 en la sala de Espa\u00f1a 2942, Departamento &#8220;C&#8221;, y ser\u00e1n cremados este martes desde las 17 en el Crematorio de Pinos de Paz.<\/p>\n<p>&nbsp;<\/p>\n<p>Barrio en el que viv\u00eda: Hip\u00f3lito Irigoyen<\/p>\n<p>&nbsp;<\/p>\n<p>Lugar de nacimiento: Olavarr\u00eda<\/p>\n<p>&nbsp;<\/p>\n<p>Actividad que desarrollaba: Estudiante<\/p>\n","protected":false},"excerpt":{"rendered":"<p>Falleci\u00f3 en CABA\u00a0 el d\u00eda 1 de Agosto de 2021 a los\u00a0 19 a\u00f1os de edad. Sus padres: Magal\u00ed Millia<\/p>\n","protected":false},"author":3,"featured_media":0,"comment_status":"closed","ping_status":"closed","sticky":false,"template":"","format":"standard","meta":{"_jetpack_memberships_contains_paid_content":false,"footnotes":""},"categories":[10],"tags":[],"class_list":["post-28352","post","type-post","status-publish","format-standard","hentry","category-necrologicas"],"jetpack_featured_media_url":"","jetpack_sharing_enabled":true,"_links":{"self":[{"href":"https:\/\/cdnoticias.com\/index.php\/wp-json\/wp\/v2\/posts\/28352","targetHints":{"allow":["GET"]}}],"collection":[{"href":"https:\/\/cdnoticias.com\/index.php\/wp-json\/wp\/v2\/posts"}],"about":[{"href":"https:\/\/cdnoticias.com\/index.php\/wp-json\/wp\/v2\/types\/post"}],"author":[{"embeddable":true,"href":"https:\/\/cdnoticias.com\/index.php\/wp-json\/wp\/v2\/users\/3"}],"replies":[{"embeddable":true,"href":"https:\/\/cdnoticias.com\/index.php\/wp-json\/wp\/v2\/comments?post=28352"}],"version-history":[{"count":0,"href":"https:\/\/cdnoticias.com\/index.php\/wp-json\/wp\/v2\/posts\/28352\/revisions"}],"wp:attachment":[{"href":"https:\/\/cdnoticias.com\/index.php\/wp-json\/wp\/v2\/media?parent=28352"}],"wp:term":[{"taxonomy":"category","embeddable":true,"href":"https:\/\/cdnoticias.com\/index.php\/wp-json\/wp\/v2\/categories?post=28352"},{"taxonomy":"post_tag","embeddable":true,"href":"https:\/\/cdnoticias.com\/index.php\/wp-json\/wp\/v2\/tags?post=28352"}],"curies":[{"name":"wp","href":"https:\/\/api.w.org\/{rel}","templated":true}]}}