{"id":2835,"date":"2020-09-30T13:08:00","date_gmt":"2020-09-30T16:08:00","guid":{"rendered":"http:\/\/www.centraldenoticias.com.ar\/?p=2835"},"modified":"2020-09-30T15:17:32","modified_gmt":"2020-09-30T18:17:32","slug":"galli-se-mostro-en-un-gimnasio-y-ratifico-que-se-cumplen-los-protocolos","status":"publish","type":"post","link":"https:\/\/cdnoticias.com\/index.php\/2020\/09\/30\/galli-se-mostro-en-un-gimnasio-y-ratifico-que-se-cumplen-los-protocolos\/","title":{"rendered":"Galli se mostr\u00f3 en un gimnasio y ratific\u00f3 que \u201cse cumplen\u201d los protocolos"},"content":{"rendered":"<p>El Ejecutivo busc\u00f3 presentar como un \u201cacierto\u201d la reapertura del rubro tras las cr\u00edticas del Jefe de Gabinete de Provincia. Adem\u00e1s, fue un acercamiento a una rama comercial tras d\u00edas de rechazo del sector por el veto a los beneficios impositivos.<!--more--><\/p>\n<hr \/>\n<p>El Intendente Ezequiel Galli visit\u00f3 un gimnasio ubicado en el centro de nuestra ciudad. La actividad <strong>se present\u00f3 como una especie de \u201cacierto\u201d del Ejecutivo en el contexto de la pandemia<\/strong> al subrayar que \u201cno se han dado contagios\u201d de Covid en estos \u00e1mbitos, y despu\u00e9s de las cr\u00edticas que lanz\u00f3 el Jefe de Gabinete bonaerense por la \u201cdesobediencia\u201d de lo dispuesto para la Fase 4.<\/p>\n<p>A su vez, la imagen tambi\u00e9n puede interpretarse como un intento de Galli de <strong>contrarrestar los reveses que cosech\u00f3 en las \u00faltimas horas de distintos sectores representativos del comercios y las empresas locales tras el veto de una ordenanza con beneficios impositivos<\/strong>. Hubo pronunciamientos en contra del decreto del Intendente desde la <a href=\"https:\/\/cdnoticias.com\/index.php\/2020\/09\/28\/la-union-industrial-lamento-el-veto-al-descuento-del-50-de-la-tasa-en-seguridad-e-higiene\/\">Uni\u00f3n Industrial<\/a>, <a href=\"https:\/\/cdnoticias.com\/index.php\/2020\/09\/29\/comerciantes-contra-galli-por-vetar-descuentos-en-tasas-demostraba-un-poco-de-empatia\/\">Comerciantes Unidos<\/a> y la C\u00e1mara Empresaria.<\/p>\n<p>En el local fueron recibidos por su titular, Enzo Jarrie, en la ma\u00f1ana de este mi\u00e9rcoles. Justamente, se trat\u00f3 de uno de los propietarios de gimnasios que impulsaron, a trav\u00e9s de Acafso, el reclamo por la reapertura de los gimnasios en Olavarr\u00eda. A pesar de que<strong> el distrito se encuentra en la Fase 4 del sistema de fases de la Provincia de Buenos Aires por la pandemia y dicha actividad no est\u00e1 permitida<\/strong>, a mediados de septiembre <a href=\"http:\/\/Galli se mostr\u00f3 en un gimnasio y ratific\u00f3 que \u201cse cumplen\u201d los protocolos\">el jefe comunal rehabilit\u00f3 la actividad por decreto<\/a>.<\/p>\n<p>En ese marco, Galli se mostr\u00f3 en el establecimiento d\u00edas despu\u00e9s de que el jefe de Gabinete bonaerense, Carlos Bianco, dejara una referencia a la situaci\u00f3n. <strong>El funcionario de Kicillof se quej\u00f3 de los intendentes de la oposici\u00f3n que \u201cmandan a abrir los gimnasios cuando no est\u00e1n permitidos<\/strong>, otros hacen pruebas pilotos en una escuela cuando eso no est\u00e1 permitido y sin comunic\u00e1rnoslo, nos enteramos por los medios\u201d en una conferencia la semana pasada.<\/p>\n<p>En cuanto a la visita al gimnasio, desde la Municipalidad se inform\u00f3 que \u201cconversaron acerca de la actualidad del gimnasio y todo el sector, luego de haber retomado la actividad hace pocas semanas. En una recorrida por el gimnasio, <strong>Jarrie detall\u00f3 las medidas de bioseguridad implementadas en el lugar, para respetar los protocolos sanitarios vigentes<\/strong>\u201d. Estuvieron tambi\u00e9n el secretario de Desarrollo Humano y Calidad de Vida, Diego Robbiani, y el subsecretario de Deportes y Recreaci\u00f3n, Juan Agust\u00edn Galli.<\/p>\n<p>El intendente Galli destac\u00f3 que <strong>\u201ccelebramos que los gimnasios est\u00e9n trabajando, no solo por la reanudaci\u00f3n de la actividad sino para que los vecinos de Olavarr\u00eda puedan acercarse a los espacios, porque es importante para su salud\u201d<\/strong>. Justamente, este fue uno de los argumentos centrales de los que se vali\u00f3 el Ejecutivo para decretar la reapertura. En ese sentido, previamente se hab\u00edan pronunciado <a href=\"https:\/\/cdnoticias.com\/index.php\/2020\/09\/09\/el-comite-de-crisis-se-manifesto-a-favor-de-la-apertura-de-gimnasios-y-natatorios\/\">el Comit\u00e9 de Crisis<\/a> y el C\u00edrculo M\u00e9dico local, adem\u00e1s de haberse aprobado una iniciativa en ese rumbo\u00a0<a href=\"https:\/\/cdnoticias.com\/index.php\/2020\/09\/10\/con-la-presencia-de-trabajadores-el-concejo-pedira-a-la-provincia-habilitar-gimnasios\/\">en el Concejo Deliberante<\/a>.\u00a0Es que previamente, <a href=\"https:\/\/cdnoticias.com\/index.php\/2020\/09\/03\/provincia-rechazo-el-pedido-para-reabrir-gimnasios\/\">la Provincia hab\u00eda rechazado el pedido<\/a> expreso del Municipio para la habilitaci\u00f3n de este rubro.<\/p>\n<p>Galli subray\u00f3 este mi\u00e9rcoles en el marco de la visita al gimnasio que <strong>\u201csabemos que no se han dado contagios (de coronavirus) en los gimnasios, porque los protocolos se est\u00e1n cumpliendo\u201d<\/strong>.<\/p>\n","protected":false},"excerpt":{"rendered":"<p>El Ejecutivo busc\u00f3 presentar como un \u201cacierto\u201d la reapertura del rubro tras las cr\u00edticas del Jefe de Gabinete de Provincia.<\/p>\n","protected":false},"author":4,"featured_media":2837,"comment_status":"closed","ping_status":"closed","sticky":false,"template":"","format":"standard","meta":{"_jetpack_memberships_contains_paid_content":false,"footnotes":""},"categories":[4,1],"tags":[],"class_list":["post-2835","post","type-post","status-publish","format-standard","has-post-thumbnail","hentry","category-politica","category-portada"],"jetpack_featured_media_url":"https:\/\/i0.wp.com\/cdnoticias.com\/wp-content\/uploads\/2020\/09\/galli-gimnasios.jpg?fit=1968%2C1312&ssl=1","jetpack_sharing_enabled":true,"_links":{"self":[{"href":"https:\/\/cdnoticias.com\/index.php\/wp-json\/wp\/v2\/posts\/2835","targetHints":{"allow":["GET"]}}],"collection":[{"href":"https:\/\/cdnoticias.com\/index.php\/wp-json\/wp\/v2\/posts"}],"about":[{"href":"https:\/\/cdnoticias.com\/index.php\/wp-json\/wp\/v2\/types\/post"}],"author":[{"embeddable":true,"href":"https:\/\/cdnoticias.com\/index.php\/wp-json\/wp\/v2\/users\/4"}],"replies":[{"embeddable":true,"href":"https:\/\/cdnoticias.com\/index.php\/wp-json\/wp\/v2\/comments?post=2835"}],"version-history":[{"count":0,"href":"https:\/\/cdnoticias.com\/index.php\/wp-json\/wp\/v2\/posts\/2835\/revisions"}],"wp:featuredmedia":[{"embeddable":true,"href":"https:\/\/cdnoticias.com\/index.php\/wp-json\/wp\/v2\/media\/2837"}],"wp:attachment":[{"href":"https:\/\/cdnoticias.com\/index.php\/wp-json\/wp\/v2\/media?parent=2835"}],"wp:term":[{"taxonomy":"category","embeddable":true,"href":"https:\/\/cdnoticias.com\/index.php\/wp-json\/wp\/v2\/categories?post=2835"},{"taxonomy":"post_tag","embeddable":true,"href":"https:\/\/cdnoticias.com\/index.php\/wp-json\/wp\/v2\/tags?post=2835"}],"curies":[{"name":"wp","href":"https:\/\/api.w.org\/{rel}","templated":true}]}}