{"id":28332,"date":"2021-08-02T17:16:49","date_gmt":"2021-08-02T20:16:49","guid":{"rendered":"http:\/\/www.centraldenoticias.com.ar\/?p=28332"},"modified":"2021-08-02T18:23:09","modified_gmt":"2021-08-02T21:23:09","slug":"mas-de-100-consultas-en-la-primera-jornada-del-programa-acompanar","status":"publish","type":"post","link":"https:\/\/cdnoticias.com\/index.php\/2021\/08\/02\/mas-de-100-consultas-en-la-primera-jornada-del-programa-acompanar\/","title":{"rendered":"M\u00e1s de 100 consultas en la primera jornada del Programa Acompa\u00f1ar"},"content":{"rendered":"<p>Est\u00e1 dirigido a mujeres y disidencias en situaci\u00f3n de violencia de g\u00e9nero. Asistieron 110 personas y se realizaron 94 preinscripciones. Continuar\u00e1 el martes con la presencia de la ministra Estela D\u00edaz.<!--more--><\/p>\n<hr \/>\n<p>Este lunes comenz\u00f3 la inscripci\u00f3n al Programa Acompa\u00f1ar que brinda apoyo econ\u00f3mico durante 6 meses a mujeres y LGBTI+ en situaci\u00f3n de violencia de g\u00e9nero. <strong>Durante esta primera jornada asistieron 110 personas y se realizaron 94 preinscripciones.<\/strong><\/p>\n<p>&nbsp;<\/p>\n<p>En Olavarr\u00eda la inscripci\u00f3n continuar\u00e1 <strong>este martes de 10 a 14 en el sal\u00f3n del Sindicato Empleados de Comercio, ubicado en Coronel Su\u00e1rez 2752 2\u00b0 piso.<\/strong> <a href=\"https:\/\/cdnoticias.com\/index.php\/2021\/08\/02\/estela-diaz-estara-en-olavarria-inaugurara-la-oficina-del-ministerio-de-mujeres\/\" target=\"_blank\" rel=\"noopener\">Contar\u00e1 con la presencia de la Ministra Estela D\u00edaz<\/a>.<\/p>\n<p>&nbsp;<\/p>\n<blockquote><p>Las personas deber\u00e1n concurrir con DNI\u00a0 y CBU, en el caso de tener una cuenta abierta, de lo contrario se gestionar\u00e1 en el momento.<\/p><\/blockquote>\n<p>&nbsp;<\/p>\n<p>Seg\u00fan se especific\u00f3, el operativo brinda<strong> apoyo econ\u00f3mico equivalente al Salario M\u00ednimo, Vital y M\u00f3vil por 6 meses consecutivos<\/strong> a mujeres y LGBTI+ que se encuentran en situaci\u00f3n de violencia de g\u00e9nero y ofrece <strong>acceso a dispositivos de fortalecimiento psicosocial<\/strong> para las personas incluidas en el programa, coordinado con los gobiernos provinciales y locales.<\/p>\n<p>&nbsp;<\/p>\n<p><img data-recalc-dims=\"1\" loading=\"lazy\" decoding=\"async\" class=\"alignnone size-full wp-image-28334\" src=\"https:\/\/i0.wp.com\/cdnoticias.com\/wp-content\/uploads\/2021\/08\/WhatsApp-Image-2021-08-02-at-17.01.52.jpeg?resize=800%2C491&#038;ssl=1\" alt=\"\" width=\"800\" height=\"491\" srcset=\"https:\/\/i0.wp.com\/cdnoticias.com\/wp-content\/uploads\/2021\/08\/WhatsApp-Image-2021-08-02-at-17.01.52.jpeg?w=1280&amp;ssl=1 1280w, https:\/\/i0.wp.com\/cdnoticias.com\/wp-content\/uploads\/2021\/08\/WhatsApp-Image-2021-08-02-at-17.01.52.jpeg?resize=300%2C184&amp;ssl=1 300w, https:\/\/i0.wp.com\/cdnoticias.com\/wp-content\/uploads\/2021\/08\/WhatsApp-Image-2021-08-02-at-17.01.52.jpeg?resize=768%2C471&amp;ssl=1 768w, https:\/\/i0.wp.com\/cdnoticias.com\/wp-content\/uploads\/2021\/08\/WhatsApp-Image-2021-08-02-at-17.01.52.jpeg?resize=1024%2C628&amp;ssl=1 1024w\" sizes=\"auto, (max-width: 800px) 100vw, 800px\" \/><\/p>\n<p>&nbsp;<\/p>\n<p>De la jornada de este lunes participaron trabajadoras del Ministerio de Mujeres, G\u00e9neros y Diversidad bonaerense junto al Coordinadora local, Hosanna Cazola, el titular de la ANSES Maximiliano Wesner y representantes del Banco Provincia.<\/p>\n","protected":false},"excerpt":{"rendered":"<p>Est\u00e1 dirigido a mujeres y disidencias en situaci\u00f3n de violencia de g\u00e9nero. Asistieron 110 personas y se realizaron 94 preinscripciones.<\/p>\n","protected":false},"author":5,"featured_media":28335,"comment_status":"closed","ping_status":"closed","sticky":false,"template":"","format":"standard","meta":{"_jetpack_memberships_contains_paid_content":false,"footnotes":""},"categories":[3,1],"tags":[],"class_list":["post-28332","post","type-post","status-publish","format-standard","has-post-thumbnail","hentry","category-genero","category-portada"],"jetpack_featured_media_url":"https:\/\/i0.wp.com\/cdnoticias.com\/wp-content\/uploads\/2021\/08\/WhatsApp-Image-2021-08-02-at-17.00.51.jpeg?fit=1280%2C787&ssl=1","jetpack_sharing_enabled":true,"_links":{"self":[{"href":"https:\/\/cdnoticias.com\/index.php\/wp-json\/wp\/v2\/posts\/28332","targetHints":{"allow":["GET"]}}],"collection":[{"href":"https:\/\/cdnoticias.com\/index.php\/wp-json\/wp\/v2\/posts"}],"about":[{"href":"https:\/\/cdnoticias.com\/index.php\/wp-json\/wp\/v2\/types\/post"}],"author":[{"embeddable":true,"href":"https:\/\/cdnoticias.com\/index.php\/wp-json\/wp\/v2\/users\/5"}],"replies":[{"embeddable":true,"href":"https:\/\/cdnoticias.com\/index.php\/wp-json\/wp\/v2\/comments?post=28332"}],"version-history":[{"count":0,"href":"https:\/\/cdnoticias.com\/index.php\/wp-json\/wp\/v2\/posts\/28332\/revisions"}],"wp:featuredmedia":[{"embeddable":true,"href":"https:\/\/cdnoticias.com\/index.php\/wp-json\/wp\/v2\/media\/28335"}],"wp:attachment":[{"href":"https:\/\/cdnoticias.com\/index.php\/wp-json\/wp\/v2\/media?parent=28332"}],"wp:term":[{"taxonomy":"category","embeddable":true,"href":"https:\/\/cdnoticias.com\/index.php\/wp-json\/wp\/v2\/categories?post=28332"},{"taxonomy":"post_tag","embeddable":true,"href":"https:\/\/cdnoticias.com\/index.php\/wp-json\/wp\/v2\/tags?post=28332"}],"curies":[{"name":"wp","href":"https:\/\/api.w.org\/{rel}","templated":true}]}}