{"id":28319,"date":"2021-08-02T17:48:23","date_gmt":"2021-08-02T20:48:23","guid":{"rendered":"http:\/\/www.centraldenoticias.com.ar\/?p=28319"},"modified":"2021-08-02T17:48:23","modified_gmt":"2021-08-02T20:48:23","slug":"semana-mundial-de-la-lactancia-del-1-al-7-de-agosto","status":"publish","type":"post","link":"https:\/\/cdnoticias.com\/index.php\/2021\/08\/02\/semana-mundial-de-la-lactancia-del-1-al-7-de-agosto\/","title":{"rendered":"Semana mundial de la lactancia: del 1 al 7 de agosto"},"content":{"rendered":"<p>La misma se celebra del 1 al 7 de agosto. El objetivo es promover esta pr\u00e1ctica y contribuir al bienestar y la salud del lactante y de la persona que amamanta.<\/p>\n<p><!--more--><\/p>\n<hr \/>\n<p>&nbsp;<\/p>\n<p>Del <strong>1 al 7 de agosto<\/strong> se celebra la <strong>Semana Mundial de la Lactancia<\/strong>, cuyo objetivo es <strong>promover esta pr\u00e1ctica<\/strong> y <strong>contribuir al bienestar y la salud del lactante y de la persona que amamanta.<\/strong><\/p>\n<p>&nbsp;<\/p>\n<p>Este a\u00f1o, el lema elegido es <strong>\u201cProteger la lactancia, una responsabilidad compartida\u201d<\/strong>, considerando de esta manera a la lactancia como un <strong>hecho cultural colectivo<\/strong> que requiere un abordaje intersectorial y comunitario.<\/p>\n<p>&nbsp;<\/p>\n<p>En ese sentido, la lactancia no debe ser entendida como responsabilidad \u00fanicamente de la persona que amamanta y <strong>se debe promover la igualdad de derechos entre g\u00e9neros, personas con capacidad de gestar y acompa\u00f1antes.\u00a0<\/strong> Para poder sostener la lactancia es necesario el acompa\u00f1amiento de la pareja, la familia y todo el entorno. A su vez, <strong>los \u00e1mbitos de trabajo deben adecuarse y propiciar ambientes que contribuyan a esta tarea.<\/strong><\/p>\n<p>&nbsp;<\/p>\n<p>En <strong>Argentina<\/strong>, la prevalencia de <strong>lactancia al momento del nacimiento es de m\u00e1s de un 95%<\/strong>. Sin embargo, <strong>a los 6 meses<\/strong>, la lactancia exclusiva <strong>se reduce bruscamente y se ubica alrededor del 40%<\/strong>. Seg\u00fan datos relevados en<strong> 2018 de la Encuesta Nacional de Nutrici\u00f3n y Salud<\/strong>, <strong>1 de cada 10 lactancias se pierden por motivos relacionados al regreso laboral.<\/strong><\/p>\n<p>&nbsp;<\/p>\n<p>En ese marco, <strong>algunas provincias ya cuentan con leyes que extienden el tiempo de las licencias de trabajo<\/strong>. Por su parte, desde el <strong>Ministerio de Salud de la Naci\u00f3n se promocionan y fortalecen los Espacios Amigos de la Lactancia en los \u00e1mbitos laborales<\/strong> para que el fin de la licencia por maternidad no se convierta tambi\u00e9n en el fin de la lactancia.<\/p>\n<p>&nbsp;<\/p>\n<p>A trav\u00e9s de leyes y pol\u00edticas p\u00fablicas, <strong>el Estado tambi\u00e9n cumple un rol fundamental en garantizar los derechos de las personas a amamantar y ser amamantadas<\/strong>. En nuestro pa\u00eds existe un amplio cuerpo normativo vigente, como la<strong> Ley N\u00b0 26.873 de Lactancia Materna<\/strong> o la recientemente sancionada <strong>\u201cLey de los 1000 d\u00edas<\/strong>, que ofrece <strong>acompa\u00f1amiento y asistencia en el embarazo y durante los primeros tres a\u00f1os de vida<\/strong> de los ni\u00f1os y las ni\u00f1as a todas las personas gestantes que no cuenten con los recursos necesarios.<\/p>\n<p>&nbsp;<\/p>\n<p><strong>Beneficios de la lactancia\u00a0<\/strong><\/p>\n<p>&nbsp;<\/p>\n<p><strong>La lactancia es beneficiosa tanto para el beb\u00e9 como para la persona que amamanta.<\/strong> E<strong>n lactantes, baja la incidencia de infecciones respiratorias y de diarrea<\/strong>, reduci\u00e9ndose el riesgo de hospitalizaci\u00f3n por ambas patolog\u00edas en un <strong>57% y 72%<\/strong>, respectivamente.<\/p>\n<p>&nbsp;<\/p>\n<p>A largo plazo, tambi\u00e9n se observa que <strong>disminuye en 26% el impacto del sobrepeso y de 35% en diabetes tipo 2<\/strong>. A su vez, la lactancia brinda una oportunidad de<strong> reforzar el apego<\/strong>, con beneficios para el desarrollo infantil.<\/p>\n<p>&nbsp;<\/p>\n<p>El <strong>Ministerio de Salud de la Naci\u00f3n<\/strong> <strong>recomienda la lactancia exclusiva<\/strong> a demanda <strong>desde la primera hora de vida hasta los 6 meses cumplidos<\/strong>. Luego, se aconseja <strong>complementar<\/strong> con la <strong>incorporaci\u00f3n progresiva de alimentos apropiados para la edad<\/strong>, manteniendo la<strong> lactancia hasta los 2 a\u00f1os o m\u00e1s.<\/strong><\/p>\n<p>&nbsp;<\/p>\n<p>Por \u00faltimo, <strong>las personas que amamantan que tengan Covid 19 deben utilizar barbijo, lavarse las manos antes y despu\u00e9s de tocar a su beb\u00e9 y limpiar y desinfectar rutinariamente las superficies.<\/strong><\/p>\n<p>&nbsp;<\/p>\n<p><em>Fuente: DIB<\/em><\/p>\n","protected":false},"excerpt":{"rendered":"<p>La misma se celebra del 1 al 7 de agosto. El objetivo es promover esta pr\u00e1ctica y contribuir al bienestar<\/p>\n","protected":false},"author":6,"featured_media":28320,"comment_status":"closed","ping_status":"closed","sticky":false,"template":"","format":"standard","meta":{"_jetpack_memberships_contains_paid_content":false,"footnotes":""},"categories":[5,1],"tags":[],"class_list":["post-28319","post","type-post","status-publish","format-standard","has-post-thumbnail","hentry","category-informacion-general","category-portada"],"jetpack_featured_media_url":"https:\/\/i0.wp.com\/cdnoticias.com\/wp-content\/uploads\/2021\/08\/WhatsApp-Image-2021-08-02-at-10.42.30-AM.jpeg?fit=1077%2C718&ssl=1","jetpack_sharing_enabled":true,"_links":{"self":[{"href":"https:\/\/cdnoticias.com\/index.php\/wp-json\/wp\/v2\/posts\/28319","targetHints":{"allow":["GET"]}}],"collection":[{"href":"https:\/\/cdnoticias.com\/index.php\/wp-json\/wp\/v2\/posts"}],"about":[{"href":"https:\/\/cdnoticias.com\/index.php\/wp-json\/wp\/v2\/types\/post"}],"author":[{"embeddable":true,"href":"https:\/\/cdnoticias.com\/index.php\/wp-json\/wp\/v2\/users\/6"}],"replies":[{"embeddable":true,"href":"https:\/\/cdnoticias.com\/index.php\/wp-json\/wp\/v2\/comments?post=28319"}],"version-history":[{"count":0,"href":"https:\/\/cdnoticias.com\/index.php\/wp-json\/wp\/v2\/posts\/28319\/revisions"}],"wp:featuredmedia":[{"embeddable":true,"href":"https:\/\/cdnoticias.com\/index.php\/wp-json\/wp\/v2\/media\/28320"}],"wp:attachment":[{"href":"https:\/\/cdnoticias.com\/index.php\/wp-json\/wp\/v2\/media?parent=28319"}],"wp:term":[{"taxonomy":"category","embeddable":true,"href":"https:\/\/cdnoticias.com\/index.php\/wp-json\/wp\/v2\/categories?post=28319"},{"taxonomy":"post_tag","embeddable":true,"href":"https:\/\/cdnoticias.com\/index.php\/wp-json\/wp\/v2\/tags?post=28319"}],"curies":[{"name":"wp","href":"https:\/\/api.w.org\/{rel}","templated":true}]}}