{"id":28311,"date":"2021-08-02T15:25:49","date_gmt":"2021-08-02T18:25:49","guid":{"rendered":"http:\/\/www.centraldenoticias.com.ar\/?p=28311"},"modified":"2021-08-02T15:25:49","modified_gmt":"2021-08-02T18:25:49","slug":"nueva-medica-generalista-en-el-hospital-de-sierras-bayas","status":"publish","type":"post","link":"https:\/\/cdnoticias.com\/index.php\/2021\/08\/02\/nueva-medica-generalista-en-el-hospital-de-sierras-bayas\/","title":{"rendered":"Nueva m\u00e9dica generalista en el Hospital de Sierras Bayas"},"content":{"rendered":"<p>As\u00ed lo inform\u00f3 la Direcci\u00f3n de Atenci\u00f3n Primaria de la Secretar\u00eda de Salud municipal.<\/p>\n<p><!--more--><\/p>\n<hr \/>\n<p>Desde la Direcci\u00f3n de Atenci\u00f3n Primaria de la Secretar\u00eda de Salud municipal se inform\u00f3 que desde este lunes habr\u00e1 una nueva m\u00e9dica generalista. Se trata de Natalia Sardi quien se incorpor\u00f3 al Hospital de Sierras Bayas.<\/p>\n<p>&nbsp;<\/p>\n<p>La profesional, quien se desempe\u00f1\u00f3 anteriormente como residente en el Hospital Municipal \u201cDr. H\u00e9ctor M. Cura\u201d; ofrecer\u00e1 atenci\u00f3n sanitaria en la localidad serrana, dos veces por semana.<\/p>\n<p>&nbsp;<\/p>\n<p>Adem\u00e1s\u00a0se aclar\u00f3 que\u00a0 se encuentra en funciones una m\u00e9dica pediatra que presta servicio de manera quincenal en el nosocomio sierrabayense.<\/p>\n","protected":false},"excerpt":{"rendered":"<p>As\u00ed lo inform\u00f3 la Direcci\u00f3n de Atenci\u00f3n Primaria de la Secretar\u00eda de Salud municipal.<\/p>\n","protected":false},"author":6,"featured_media":26645,"comment_status":"closed","ping_status":"closed","sticky":false,"template":"","format":"standard","meta":{"_jetpack_memberships_contains_paid_content":false,"footnotes":""},"categories":[5,1],"tags":[],"class_list":["post-28311","post","type-post","status-publish","format-standard","has-post-thumbnail","hentry","category-informacion-general","category-portada"],"jetpack_featured_media_url":"https:\/\/i0.wp.com\/cdnoticias.com\/wp-content\/uploads\/2021\/07\/Hospital-Sierras-Bayas.jpeg?fit=698%2C444&ssl=1","jetpack_sharing_enabled":true,"_links":{"self":[{"href":"https:\/\/cdnoticias.com\/index.php\/wp-json\/wp\/v2\/posts\/28311","targetHints":{"allow":["GET"]}}],"collection":[{"href":"https:\/\/cdnoticias.com\/index.php\/wp-json\/wp\/v2\/posts"}],"about":[{"href":"https:\/\/cdnoticias.com\/index.php\/wp-json\/wp\/v2\/types\/post"}],"author":[{"embeddable":true,"href":"https:\/\/cdnoticias.com\/index.php\/wp-json\/wp\/v2\/users\/6"}],"replies":[{"embeddable":true,"href":"https:\/\/cdnoticias.com\/index.php\/wp-json\/wp\/v2\/comments?post=28311"}],"version-history":[{"count":0,"href":"https:\/\/cdnoticias.com\/index.php\/wp-json\/wp\/v2\/posts\/28311\/revisions"}],"wp:featuredmedia":[{"embeddable":true,"href":"https:\/\/cdnoticias.com\/index.php\/wp-json\/wp\/v2\/media\/26645"}],"wp:attachment":[{"href":"https:\/\/cdnoticias.com\/index.php\/wp-json\/wp\/v2\/media?parent=28311"}],"wp:term":[{"taxonomy":"category","embeddable":true,"href":"https:\/\/cdnoticias.com\/index.php\/wp-json\/wp\/v2\/categories?post=28311"},{"taxonomy":"post_tag","embeddable":true,"href":"https:\/\/cdnoticias.com\/index.php\/wp-json\/wp\/v2\/tags?post=28311"}],"curies":[{"name":"wp","href":"https:\/\/api.w.org\/{rel}","templated":true}]}}