{"id":28304,"date":"2021-08-02T13:33:04","date_gmt":"2021-08-02T16:33:04","guid":{"rendered":"http:\/\/www.centraldenoticias.com.ar\/?p=28304"},"modified":"2021-08-02T16:24:08","modified_gmt":"2021-08-02T19:24:08","slug":"estela-diaz-estara-en-olavarria-inaugurara-la-oficina-del-ministerio-de-mujeres","status":"publish","type":"post","link":"https:\/\/cdnoticias.com\/index.php\/2021\/08\/02\/estela-diaz-estara-en-olavarria-inaugurara-la-oficina-del-ministerio-de-mujeres\/","title":{"rendered":"Estela D\u00edaz estar\u00e1 en Olavarr\u00eda: inaugurar\u00e1 la oficina del Ministerio de Mujeres"},"content":{"rendered":"<p>La ministra de las Mujeres, Pol\u00edticas de G\u00e9nero y Diversidad Sexual bonaerense llegar\u00e1 este martes desde la ma\u00f1ana con una agenda intensa de actividades.<!--more--><\/p>\n<hr \/>\n<p><strong>La ministra Estela D\u00edaz visitar\u00e1 Olavarr\u00eda este martes<\/strong> en el marco del <a href=\"https:\/\/cdnoticias.com\/index.php\/2021\/07\/30\/programa-acompanar-lunes-y-martes-realizara-la-inscripcion-en-olavarria\/\" target=\"_blank\" rel=\"noopener\">operativo Acompa\u00f1ar<\/a> que se lleva adelante este lunes y martes en la ciudad, donde los equipos del Ministerio realizan inscripciones al programa en el sal\u00f3n del Sindicato de Empleadas y Empleados de Comercio.<\/p>\n<p>&nbsp;<\/p>\n<p><strong>Acompa\u00f1AR es un programa nacional destinado a mujeres y LGTBI+ en situaci\u00f3n de violencia de g\u00e9nero<\/strong> con el objetivo de fortalecer la independencia econ\u00f3mica para la salida de las violencias. La iniciativa consiste en un apoyo econ\u00f3mico equivalente al Salario M\u00ednimo, Vital y M\u00f3vil durante seis meses consecutivos.<\/p>\n<p>&nbsp;<\/p>\n<p>La atenci\u00f3n se brinda en la sede de calle coronel Suarez 2752 2\u00b0 Piso en el horario de 10 a 14 horas.<\/p>\n<p>&nbsp;<\/p>\n<p>Desde la cartera de Mujeres, Pol\u00edticas de G\u00e9nero y Diversidad Sexual bonaerense se dio a conocer<strong> la agenda de la visita de D\u00edaz<\/strong>, quien llegar\u00e1 por la ma\u00f1ana a la ciudad.<\/p>\n<p>&nbsp;<\/p>\n<p><strong>A las 11 participar\u00e1 de una conferencia de prensa<\/strong> con medios locales en la sede de Empleados de Comercio.<\/p>\n<p>&nbsp;<\/p>\n<p><strong>A las 12 horas Estela D\u00edaz junto al intendente Ezequiel Galli firmar\u00e1n el convenio para la implementaci\u00f3n del Fondo Especial de Emergencia en Violencia por Razones de G\u00e9nero<\/strong>. \u201cEl fondo est\u00e1 destinado a fortalecer la intervenci\u00f3n inmediata y el acompa\u00f1amiento en el abordaje de la problem\u00e1tica de cada municipio\u201d se indic\u00f3.<\/p>\n<p>&nbsp;<\/p>\n<p><strong>A las 14 se inaugurar\u00e1 la muestra fotogr\u00e1fica itinerante \u201cOficios sin Prejuicios\u201d<\/strong>. Se destac\u00f3 que se trata de una campa\u00f1a que promueve la igualdad de g\u00e9neros en el mundo del trabajo y en la formaci\u00f3n laboral a partir de acciones de sensibilizaci\u00f3n y difusi\u00f3n. Es un trabajo conjunto entre los Ministerios de las Mujeres, Pol\u00edticas de G\u00e9nero y Diversidad Sexual, Trabajo y Producci\u00f3n, Ciencias e Innovaci\u00f3n Tecnol\u00f3gica.<\/p>\n<p>&nbsp;<\/p>\n<p>Finalmente, <strong>a las 15 la Ministra participar\u00e1 de la inauguraci\u00f3n de la sede de la Oficina Regional del Ministerio de las Mujeres, Pol\u00edticas de G\u00e9nero y Diversidad Sexual bonaerense<\/strong> ubicada en Coronel Su\u00e1rez 3064, en la delegaci\u00f3n del Ministerio de Trabajo en Olavarr\u00eda. En el lugar se inaugurar\u00e1 un mural en el marco del Programa \u201cEllas no fueron pintadas\u201d.<\/p>\n","protected":false},"excerpt":{"rendered":"<p>La ministra de las Mujeres, Pol\u00edticas de G\u00e9nero y Diversidad Sexual bonaerense llegar\u00e1 este martes desde la ma\u00f1ana con una<\/p>\n","protected":false},"author":4,"featured_media":28305,"comment_status":"closed","ping_status":"closed","sticky":false,"template":"","format":"standard","meta":{"_jetpack_memberships_contains_paid_content":false,"footnotes":""},"categories":[3,1],"tags":[],"class_list":["post-28304","post","type-post","status-publish","format-standard","has-post-thumbnail","hentry","category-genero","category-portada"],"jetpack_featured_media_url":"https:\/\/i0.wp.com\/cdnoticias.com\/wp-content\/uploads\/2021\/08\/estela-diaz-telam-1004x566.jpg?fit=1004%2C566&ssl=1","jetpack_sharing_enabled":true,"_links":{"self":[{"href":"https:\/\/cdnoticias.com\/index.php\/wp-json\/wp\/v2\/posts\/28304","targetHints":{"allow":["GET"]}}],"collection":[{"href":"https:\/\/cdnoticias.com\/index.php\/wp-json\/wp\/v2\/posts"}],"about":[{"href":"https:\/\/cdnoticias.com\/index.php\/wp-json\/wp\/v2\/types\/post"}],"author":[{"embeddable":true,"href":"https:\/\/cdnoticias.com\/index.php\/wp-json\/wp\/v2\/users\/4"}],"replies":[{"embeddable":true,"href":"https:\/\/cdnoticias.com\/index.php\/wp-json\/wp\/v2\/comments?post=28304"}],"version-history":[{"count":0,"href":"https:\/\/cdnoticias.com\/index.php\/wp-json\/wp\/v2\/posts\/28304\/revisions"}],"wp:featuredmedia":[{"embeddable":true,"href":"https:\/\/cdnoticias.com\/index.php\/wp-json\/wp\/v2\/media\/28305"}],"wp:attachment":[{"href":"https:\/\/cdnoticias.com\/index.php\/wp-json\/wp\/v2\/media?parent=28304"}],"wp:term":[{"taxonomy":"category","embeddable":true,"href":"https:\/\/cdnoticias.com\/index.php\/wp-json\/wp\/v2\/categories?post=28304"},{"taxonomy":"post_tag","embeddable":true,"href":"https:\/\/cdnoticias.com\/index.php\/wp-json\/wp\/v2\/tags?post=28304"}],"curies":[{"name":"wp","href":"https:\/\/api.w.org\/{rel}","templated":true}]}}