{"id":2830,"date":"2020-09-30T12:28:15","date_gmt":"2020-09-30T15:28:15","guid":{"rendered":"http:\/\/www.centraldenoticias.com.ar\/?p=2830"},"modified":"2020-09-30T12:28:15","modified_gmt":"2020-09-30T15:28:15","slug":"comienza-la-semana-de-las-artes-virtual","status":"publish","type":"post","link":"https:\/\/cdnoticias.com\/index.php\/2020\/09\/30\/comienza-la-semana-de-las-artes-virtual\/","title":{"rendered":"Comienza la Semana de las Artes &#8220;virtual&#8221;"},"content":{"rendered":"<p>Se extender\u00e1 hasta el 4 de octubre y tendr\u00e1 variada actividad art\u00edstica y muestras de producci\u00f3n de alumnos de todos los niveles educativos. Ser\u00e1 por las redes sociales de los diferentes espacios municipales.<!--more--><\/p>\n<hr \/>\n<p>Desde este mi\u00e9rcoles comenzar\u00e1 con diversas actividades<strong> La Semana de las Artes, una propuesta de la Direcci\u00f3n de Educaci\u00f3n Art\u00edstica que tiene como objetivo visibilizar la producci\u00f3n art\u00edstica que se realizan en las instituciones educativas de la provincia de Buenos Aires.<\/strong><\/p>\n<p>&nbsp;<\/p>\n<p><strong>Se extender\u00e1 hasta el domingo 4 de octubre<\/strong> y promueve<em> \u201cactividades art\u00edsticas y muestras de la producci\u00f3n de los alumnos de todos los niveles del sistema educativo\u201d.<\/em><\/p>\n<p>&nbsp;<\/p>\n<p>Las propuestas de la Subsecretar\u00eda de Cultura y Educaci\u00f3n del Municipio<strong> se han organizado en las redes sociales de los diferentes espacios municipales, en los que se compartir\u00e1n las actividades previstas<\/strong>. Habr\u00e1 actividades generales durante los cinco d\u00edas de la Semana de las Artes en las redes sociales del Centro Cultural San Jos\u00e9, del Museo D\u00e1maso Arce y Museo de las Ciencias.<\/p>\n<p>&nbsp;<\/p>\n<p><strong>Programaci\u00f3n de mi\u00e9rcoles:<\/strong><\/p>\n<p>&nbsp;<\/p>\n<p>11 horas: el Ballet Folkl\u00f3rico Municipal presentar\u00e1 una obra destinada a Nivel Inicial y Escuelas Primarias (Redes: Subsecretar\u00eda de Cultura y Educaci\u00f3n Olavarr\u00eda).<\/p>\n<p>&nbsp;<\/p>\n<p>14 horas: la Escuela Municipal de Art\u00edstica Integrada realizar\u00e1 una actividad de artes pl\u00e1sticas que consiste en el te\u00f1ido y pintura de hojas con elementos convencionales (Redes: Subsecretar\u00eda de Cultura y Educaci\u00f3n Olavarr\u00eda).<\/p>\n<p>&nbsp;<\/p>\n<p>16 horas: Museo Municipal de Sierras Bayas presentar\u00e1 un video con im\u00e1genes de una actividad realizada por el artista Daniel Fitte y sus alumnos (Redes: Subsecretar\u00eda de Cultura y Educaci\u00f3n Olavarr\u00eda \/ Amigos del Museo de la Estaci\u00f3n de Sierras Bayas).<\/p>\n<p>&nbsp;<\/p>\n<p>18 horas: Escuela Municipal de M\u00fasica \u201cHnos. Rossi\u201d presentar\u00e1 un video con testimonios de los profesores sobre qu\u00e9 es \u201cEl Arte\u201d para ellos (Redes: Subsecretar\u00eda de Cultura y Educaci\u00f3n Olavarr\u00eda).<\/p>\n<p>&nbsp;<\/p>\n<p>20 horas: la Direcci\u00f3n de Cultura presentar\u00e1 la banda China Supay integrada por: Erica Labelle, Viviana Godoy, Yanina Capponi, Adriana Saravia, Antonella Di Uono, Silvina L\u00f3pez, Roc\u00edo China Rodr\u00edguez y Alba Mancinella. Interpretar\u00e1n una Tonada Tupice\u00f1a del autor boliviano Willy Alfaro (Redes: Subsecretar\u00eda de Cultura y Educaci\u00f3n Olavarr\u00eda).<\/p>\n","protected":false},"excerpt":{"rendered":"<p>Se extender\u00e1 hasta el 4 de octubre y tendr\u00e1 variada actividad art\u00edstica y muestras de producci\u00f3n de alumnos de todos<\/p>\n","protected":false},"author":2,"featured_media":2831,"comment_status":"closed","ping_status":"closed","sticky":false,"template":"","format":"standard","meta":{"_jetpack_memberships_contains_paid_content":false,"footnotes":""},"categories":[9,1],"tags":[],"class_list":["post-2830","post","type-post","status-publish","format-standard","has-post-thumbnail","hentry","category-cultura","category-portada"],"jetpack_featured_media_url":"https:\/\/i0.wp.com\/cdnoticias.com\/wp-content\/uploads\/2020\/09\/Semana-de-las-Artes-.jpg?fit=1024%2C766&ssl=1","jetpack_sharing_enabled":true,"_links":{"self":[{"href":"https:\/\/cdnoticias.com\/index.php\/wp-json\/wp\/v2\/posts\/2830","targetHints":{"allow":["GET"]}}],"collection":[{"href":"https:\/\/cdnoticias.com\/index.php\/wp-json\/wp\/v2\/posts"}],"about":[{"href":"https:\/\/cdnoticias.com\/index.php\/wp-json\/wp\/v2\/types\/post"}],"author":[{"embeddable":true,"href":"https:\/\/cdnoticias.com\/index.php\/wp-json\/wp\/v2\/users\/2"}],"replies":[{"embeddable":true,"href":"https:\/\/cdnoticias.com\/index.php\/wp-json\/wp\/v2\/comments?post=2830"}],"version-history":[{"count":0,"href":"https:\/\/cdnoticias.com\/index.php\/wp-json\/wp\/v2\/posts\/2830\/revisions"}],"wp:featuredmedia":[{"embeddable":true,"href":"https:\/\/cdnoticias.com\/index.php\/wp-json\/wp\/v2\/media\/2831"}],"wp:attachment":[{"href":"https:\/\/cdnoticias.com\/index.php\/wp-json\/wp\/v2\/media?parent=2830"}],"wp:term":[{"taxonomy":"category","embeddable":true,"href":"https:\/\/cdnoticias.com\/index.php\/wp-json\/wp\/v2\/categories?post=2830"},{"taxonomy":"post_tag","embeddable":true,"href":"https:\/\/cdnoticias.com\/index.php\/wp-json\/wp\/v2\/tags?post=2830"}],"curies":[{"name":"wp","href":"https:\/\/api.w.org\/{rel}","templated":true}]}}