{"id":28272,"date":"2021-08-01T20:27:05","date_gmt":"2021-08-01T23:27:05","guid":{"rendered":"http:\/\/www.centraldenoticias.com.ar\/?p=28272"},"modified":"2021-08-01T20:27:05","modified_gmt":"2021-08-01T23:27:05","slug":"este-lunes-arribaran-a-olavarria-8900-dosis-de-astrazeneca","status":"publish","type":"post","link":"https:\/\/cdnoticias.com\/index.php\/2021\/08\/01\/este-lunes-arribaran-a-olavarria-8900-dosis-de-astrazeneca\/","title":{"rendered":"Este lunes arribar\u00e1n a Olavarr\u00eda 8900 dosis de AstraZeneca"},"content":{"rendered":"<p>Ser\u00e1n repartidas entre las 4 postas de vacunaci\u00f3n de la ciudad. Adem\u00e1s, este domingo fueron vacunadas m\u00e1s de 60 personas.<!--more--><\/p>\n<hr \/>\n<p><strong>En la jornada de este lunes llegar\u00e1n a Olavarr\u00eda \u00a0a la ciudad 8900 dosis de la vacuna AstraZenec<\/strong>a, seg\u00fan fue revelado por Regi\u00f3n Sanitaria IX en la noche de este domingo, desde donde se detall\u00f3 adem\u00e1s que ser\u00e1n distribuidas entre las 4 postas de vacunaci\u00f3n de la ciudad.<\/p>\n<p>&nbsp;<\/p>\n<blockquote><p>Se detall\u00f3 que <strong>3000 de esas dosis ir\u00e1n para la Facultad de Ciencias de la Salud, 1200 a la Mutual Carlos Alberto Moreno de Suteba, 1700 se entregar\u00e1n en el Centro Cultural Universitario y las 3000 restantes tendr\u00e1n como destino el Servicio Territorial N\u00b02.<\/strong><\/p><\/blockquote>\n<p>&nbsp;<\/p>\n<p>Adem\u00e1s, tambi\u00e9n este lunes pero <strong>a partir de las 9.30 horas en la localidad de Espigas<\/strong>,se realizar\u00e1 vacunaci\u00f3n libre con primeras dosis para mayores de 18 a\u00f1os que se presenten con el DNI, y de segundas dosis para quienes hayan recibido el turno correspondiente.<\/p>\n<p>&nbsp;<\/p>\n<p>A la par, <strong>este domingo se aplicaron 62 primeras dosis en la Facultad de Ciencias de la Salud<\/strong>, en Merlo entre Av. Pringles y 9 de julio, ya que fue la \u00fanica posta de inoculaci\u00f3n libre para mayores de 18 a\u00f1os que funcion\u00f3 de 8 a 18 hs en la ciudad.<\/p>\n<p>&nbsp;<\/p>\n<blockquote><p><strong>Ante cualquier duda o consulta, podr\u00e1n acercarse a los centros de vacunaci\u00f3n<\/strong> ubicados en: Servicio Territorial N\u00b02, Av. Alberdi 2543, de 8 a 18 hs; Facultad de Ciencias de la Salud, Merlo entre Av. Pringles y 9 de julio, de 8 a 18 hs; Centro Cultural Universitario, San Martin 1955, de 8 a 18 hs; y Mutual Carlos Alberto Moreno de Suteba, Collinet 4544, de 8 a 16 hs.<\/p><\/blockquote>\n<p>&nbsp;<\/p>\n<p>Se recuerda que los mayores de 12 a\u00f1os tambi\u00e9n pueden inscribirse en la <a href=\"http:\/\/www.vacunatepba.gba.gob.ar\" target=\"_blank\" rel=\"noopener\">p\u00e1gina oficial del Programa Vacunate<\/a> para obtener el turno y recibir la primera dosis, y continuar\u00e1 la vacunaci\u00f3n libre para mayores de 18 a\u00f1os que acrediten domicilio en la localidad present\u00e1ndose con su DNI en cualquiera de las postas.\u00a0Vale destacar que <strong>la aplicaci\u00f3n de segundos componentes es \u00fanicamente por turnos, por lo que se le pide a los vecinos y vecinas que est\u00e9n atentos a las notificaciones que se env\u00edan desde el Ministerio de Salud provincial<\/strong>.<\/p>\n","protected":false},"excerpt":{"rendered":"<p>Ser\u00e1n repartidas entre las 4 postas de vacunaci\u00f3n de la ciudad. Adem\u00e1s, este domingo fueron vacunadas m\u00e1s de 60 personas.<\/p>\n","protected":false},"author":3,"featured_media":22601,"comment_status":"closed","ping_status":"closed","sticky":false,"template":"","format":"standard","meta":{"_jetpack_memberships_contains_paid_content":false,"footnotes":""},"categories":[16,1],"tags":[],"class_list":["post-28272","post","type-post","status-publish","format-standard","has-post-thumbnail","hentry","category-covid-19","category-portada"],"jetpack_featured_media_url":"https:\/\/i0.wp.com\/cdnoticias.com\/wp-content\/uploads\/2021\/05\/vacunas03.jpg?fit=800%2C445&ssl=1","jetpack_sharing_enabled":true,"_links":{"self":[{"href":"https:\/\/cdnoticias.com\/index.php\/wp-json\/wp\/v2\/posts\/28272","targetHints":{"allow":["GET"]}}],"collection":[{"href":"https:\/\/cdnoticias.com\/index.php\/wp-json\/wp\/v2\/posts"}],"about":[{"href":"https:\/\/cdnoticias.com\/index.php\/wp-json\/wp\/v2\/types\/post"}],"author":[{"embeddable":true,"href":"https:\/\/cdnoticias.com\/index.php\/wp-json\/wp\/v2\/users\/3"}],"replies":[{"embeddable":true,"href":"https:\/\/cdnoticias.com\/index.php\/wp-json\/wp\/v2\/comments?post=28272"}],"version-history":[{"count":0,"href":"https:\/\/cdnoticias.com\/index.php\/wp-json\/wp\/v2\/posts\/28272\/revisions"}],"wp:featuredmedia":[{"embeddable":true,"href":"https:\/\/cdnoticias.com\/index.php\/wp-json\/wp\/v2\/media\/22601"}],"wp:attachment":[{"href":"https:\/\/cdnoticias.com\/index.php\/wp-json\/wp\/v2\/media?parent=28272"}],"wp:term":[{"taxonomy":"category","embeddable":true,"href":"https:\/\/cdnoticias.com\/index.php\/wp-json\/wp\/v2\/categories?post=28272"},{"taxonomy":"post_tag","embeddable":true,"href":"https:\/\/cdnoticias.com\/index.php\/wp-json\/wp\/v2\/tags?post=28272"}],"curies":[{"name":"wp","href":"https:\/\/api.w.org\/{rel}","templated":true}]}}