{"id":28269,"date":"2021-08-01T20:54:21","date_gmt":"2021-08-01T23:54:21","guid":{"rendered":"http:\/\/www.centraldenoticias.com.ar\/?p=28269"},"modified":"2021-08-01T20:54:21","modified_gmt":"2021-08-01T23:54:21","slug":"como-va-a-estar-el-tiempo-durante-el-inicio-de-la-semana","status":"publish","type":"post","link":"https:\/\/cdnoticias.com\/index.php\/2021\/08\/01\/como-va-a-estar-el-tiempo-durante-el-inicio-de-la-semana\/","title":{"rendered":"C\u00f3mo va a estar el tiempo  durante el inicio de la semana"},"content":{"rendered":"<p>Concluy\u00f3 julio y con ese mes tambi\u00e9n el receso invernal. \u00bfSeguir\u00e1 igualmente el fr\u00edo? El detalle de c\u00f3mo estar\u00e1 el tiempo en el retorno de las clases.<!--more--><\/p>\n<hr \/>\n<p>S\u00ed, ya estamos en agosto. Para algunos ser\u00e1 un a\u00f1o eterno y para otros habr\u00e1 pasado rap\u00eddisimo, o quiz\u00e1s un poco de cada cosa. Lo concreto es que las vacaciones de invierno quedaron atr\u00e1s y este lunes retornar\u00e1n algunas actividades, entre ellas las clases ya que desde Provincia se anunci\u00f3 el retorno a la presencialidad en todos los distritos bonaerenses. Entonces,<strong> para saber c\u00f3mo encarar el inicio de la semana, primero saber c\u00f3mo estar\u00e1 el tiempo en las pr\u00f3ximas horas.<\/strong><\/p>\n<p>&nbsp;<\/p>\n<p>Para lo que resta de este domingo seguir\u00e1 algo fresco, ya que la temperatura fue estimada en 6\u00b0 y con viento calmo.<strong> La madrugada del lunes se iniciar\u00e1 con condiciones similares pero bastante m\u00e1s fr\u00edo, ya que se prev\u00e9n valores en orden a 1\u00b0 e inclusive 0\u00b0 durante la ma\u00f1ana.<\/strong><\/p>\n<p>&nbsp;<\/p>\n<blockquote><p>Seg\u00fan datos de la Estaci\u00f3n Meteorol\u00f3gica local, este domingo la m\u00ednima fue de\u00a0-0.8 a las 8:30, mientras que la m\u00e1xima fue de\u00a014.5 a las 15:15<\/p><\/blockquote>\n<p>&nbsp;<\/p>\n<p>Lo alentador es que en la tarde la temperatura subir\u00e1 hasta una m\u00e1xima estimada en los 16 grados y 7 durante la noche.<strong> El martes perfila a\u00fan m\u00e1s agradable<\/strong>, ya que la m\u00ednima fue estimada en 2\u00b0 en la ma\u00f1ana pero con una m\u00e1xima de 17 grados en la tarde y 10\u00b0 durante la noche.<\/p>\n<p>&nbsp;<\/p>\n<p><strong>A la par, para todo lo que es el inicio de la semana no se anticipan lluvias ni vientos fuertes<\/strong>. Inclusive, durante el mi\u00e9rcoles y jueves la temperatura podr\u00eda ascender hasta los 18 grados.<\/p>\n<p>&nbsp;<\/p>\n","protected":false},"excerpt":{"rendered":"<p>Concluy\u00f3 julio y con ese mes tambi\u00e9n el receso invernal. \u00bfSeguir\u00e1 igualmente el fr\u00edo? El detalle de c\u00f3mo estar\u00e1 el<\/p>\n","protected":false},"author":3,"featured_media":28270,"comment_status":"closed","ping_status":"closed","sticky":false,"template":"","format":"standard","meta":{"_jetpack_memberships_contains_paid_content":false,"footnotes":""},"categories":[5,1],"tags":[],"class_list":["post-28269","post","type-post","status-publish","format-standard","has-post-thumbnail","hentry","category-informacion-general","category-portada"],"jetpack_featured_media_url":"https:\/\/i0.wp.com\/cdnoticias.com\/wp-content\/uploads\/2021\/08\/tiempo.jpg?fit=800%2C445&ssl=1","jetpack_sharing_enabled":true,"_links":{"self":[{"href":"https:\/\/cdnoticias.com\/index.php\/wp-json\/wp\/v2\/posts\/28269","targetHints":{"allow":["GET"]}}],"collection":[{"href":"https:\/\/cdnoticias.com\/index.php\/wp-json\/wp\/v2\/posts"}],"about":[{"href":"https:\/\/cdnoticias.com\/index.php\/wp-json\/wp\/v2\/types\/post"}],"author":[{"embeddable":true,"href":"https:\/\/cdnoticias.com\/index.php\/wp-json\/wp\/v2\/users\/3"}],"replies":[{"embeddable":true,"href":"https:\/\/cdnoticias.com\/index.php\/wp-json\/wp\/v2\/comments?post=28269"}],"version-history":[{"count":0,"href":"https:\/\/cdnoticias.com\/index.php\/wp-json\/wp\/v2\/posts\/28269\/revisions"}],"wp:featuredmedia":[{"embeddable":true,"href":"https:\/\/cdnoticias.com\/index.php\/wp-json\/wp\/v2\/media\/28270"}],"wp:attachment":[{"href":"https:\/\/cdnoticias.com\/index.php\/wp-json\/wp\/v2\/media?parent=28269"}],"wp:term":[{"taxonomy":"category","embeddable":true,"href":"https:\/\/cdnoticias.com\/index.php\/wp-json\/wp\/v2\/categories?post=28269"},{"taxonomy":"post_tag","embeddable":true,"href":"https:\/\/cdnoticias.com\/index.php\/wp-json\/wp\/v2\/tags?post=28269"}],"curies":[{"name":"wp","href":"https:\/\/api.w.org\/{rel}","templated":true}]}}