{"id":28267,"date":"2021-08-01T19:27:05","date_gmt":"2021-08-01T22:27:05","guid":{"rendered":"http:\/\/www.centraldenoticias.com.ar\/?p=28267"},"modified":"2021-08-02T08:10:09","modified_gmt":"2021-08-02T11:10:09","slug":"murio-un-paciente-positivo-de-covid19-de-85-anos","status":"publish","type":"post","link":"https:\/\/cdnoticias.com\/index.php\/2021\/08\/01\/murio-un-paciente-positivo-de-covid19-de-85-anos\/","title":{"rendered":"Muri\u00f3 un paciente positivo de Covid19 de 85 a\u00f1os"},"content":{"rendered":"<p>As\u00ed fue detallado desde el municipio local sobre el cierre de la tarde de este domingo. Se trat\u00f3 de un hombre que estaba internado en el Hospital Municipal.<!--more--><\/p>\n<hr \/>\n<p>En la tarde de este domingo se confirm\u00f3 la muerte de otro paciente positivo de Coronavirus en el partido de Olavarr\u00eda. De esta manera <strong>ya son 331 las muertes por la pandemia.\u00a0<\/strong><\/p>\n<p>&nbsp;<\/p>\n<p>De acuerdo con lo que se precis\u00f3 desde la Secretar\u00eda de Salud municipal, <strong>se trat\u00f3 de un hombre de 85 a\u00f1os que permanec\u00eda internado en el Hospital Municipal &#8220;Doctor H\u00e9ctor Cura.\u00a0<\/strong><\/p>\n<p>&nbsp;<\/p>\n<p>Vale destacar, por \u00faltimo, que luego no se arrojaron mayores precisiones acerca de la situaci\u00f3n sanitaria ya que <strong>los d\u00edas domingo no se llevan adelante hisopados en el \u00e1mbito municipal.\u00a0<\/strong><\/p>\n<p>&nbsp;<\/p>\n","protected":false},"excerpt":{"rendered":"<p>As\u00ed fue detallado desde el municipio local sobre el cierre de la tarde de este domingo. Se trat\u00f3 de un<\/p>\n","protected":false},"author":3,"featured_media":21523,"comment_status":"closed","ping_status":"closed","sticky":false,"template":"","format":"standard","meta":{"_jetpack_memberships_contains_paid_content":false,"footnotes":""},"categories":[16,1],"tags":[],"class_list":["post-28267","post","type-post","status-publish","format-standard","has-post-thumbnail","hentry","category-covid-19","category-portada"],"jetpack_featured_media_url":"https:\/\/i0.wp.com\/cdnoticias.com\/wp-content\/uploads\/2021\/05\/hospital-respiradores5.jpg?fit=800%2C445&ssl=1","jetpack_sharing_enabled":true,"_links":{"self":[{"href":"https:\/\/cdnoticias.com\/index.php\/wp-json\/wp\/v2\/posts\/28267","targetHints":{"allow":["GET"]}}],"collection":[{"href":"https:\/\/cdnoticias.com\/index.php\/wp-json\/wp\/v2\/posts"}],"about":[{"href":"https:\/\/cdnoticias.com\/index.php\/wp-json\/wp\/v2\/types\/post"}],"author":[{"embeddable":true,"href":"https:\/\/cdnoticias.com\/index.php\/wp-json\/wp\/v2\/users\/3"}],"replies":[{"embeddable":true,"href":"https:\/\/cdnoticias.com\/index.php\/wp-json\/wp\/v2\/comments?post=28267"}],"version-history":[{"count":0,"href":"https:\/\/cdnoticias.com\/index.php\/wp-json\/wp\/v2\/posts\/28267\/revisions"}],"wp:featuredmedia":[{"embeddable":true,"href":"https:\/\/cdnoticias.com\/index.php\/wp-json\/wp\/v2\/media\/21523"}],"wp:attachment":[{"href":"https:\/\/cdnoticias.com\/index.php\/wp-json\/wp\/v2\/media?parent=28267"}],"wp:term":[{"taxonomy":"category","embeddable":true,"href":"https:\/\/cdnoticias.com\/index.php\/wp-json\/wp\/v2\/categories?post=28267"},{"taxonomy":"post_tag","embeddable":true,"href":"https:\/\/cdnoticias.com\/index.php\/wp-json\/wp\/v2\/tags?post=28267"}],"curies":[{"name":"wp","href":"https:\/\/api.w.org\/{rel}","templated":true}]}}