{"id":28251,"date":"2021-08-01T11:23:03","date_gmt":"2021-08-01T14:23:03","guid":{"rendered":"http:\/\/www.centraldenoticias.com.ar\/?p=28251"},"modified":"2021-08-01T11:40:57","modified_gmt":"2021-08-01T14:40:57","slug":"le-pego-un-cabezazo-a-un-policia-y-fue-retenido","status":"publish","type":"post","link":"https:\/\/cdnoticias.com\/index.php\/2021\/08\/01\/le-pego-un-cabezazo-a-un-policia-y-fue-retenido\/","title":{"rendered":"Le peg\u00f3 un cabezazo a un polic\u00eda y fue retenido"},"content":{"rendered":"<p>Ocurri\u00f3 en las \u00faltimas horas luego de que fuera descubierto escondido en un bald\u00edo tras una discusi\u00f3n familiar.<!--more--><\/p>\n<hr \/>\n<p>Un particular y violento episodio se registr\u00f3 en las \u00faltimas horas en nuestra ciudad y <strong>dej\u00f3 como saldo un agente policial herido y un joven retenido<\/strong> y a disposici\u00f3n de la Justicia.<\/p>\n<p>&nbsp;<\/p>\n<p>Todo sucedi\u00f3 sobre<strong>\u00a0Elena de Fortabat al 1600, desde donde provino un llamado al servicio de emergencias que daba cuenta de la presencia de una persona con un cuchillo<\/strong>, en el marco de un episodio que habr\u00eda sido protagonizado por integrantes de una misma familia.<\/p>\n<p>&nbsp;<\/p>\n<p>Lo concreto es que uno de los implicados intent\u00f3 abandonar r\u00e1pidamente la escena al percatarse del arribo de agentes del Comando de Patrullas y comisar\u00eda Segunda, buscando escondite en un bald\u00edo del lugar. Ese trayecto fue <strong>visto por personal policial que al intentar interceptarlo recibi\u00f3 un cabezazo que le gener\u00f3 un corte en la frente.<\/strong><\/p>\n<p>&nbsp;<\/p>\n<p>Fue reducido y alojado en la comisar\u00eda Segunda. Ahora se le sigue una causa penal por<strong> \u201catentado y resistencia a la autoridad\u201d y \u201clesiones\u201d<\/strong>, con intervenci\u00f3n de la UFI 7, del doctor Christian Url\u00e9zaga.<\/p>\n","protected":false},"excerpt":{"rendered":"<p>Ocurri\u00f3 en las \u00faltimas horas luego de que fuera descubierto escondido en un bald\u00edo tras una discusi\u00f3n familiar.<\/p>\n","protected":false},"author":3,"featured_media":28252,"comment_status":"closed","ping_status":"closed","sticky":false,"template":"","format":"standard","meta":{"_jetpack_memberships_contains_paid_content":false,"footnotes":""},"categories":[14,1],"tags":[],"class_list":["post-28251","post","type-post","status-publish","format-standard","has-post-thumbnail","hentry","category-policiales","category-portada"],"jetpack_featured_media_url":"https:\/\/i0.wp.com\/cdnoticias.com\/wp-content\/uploads\/2021\/08\/WhatsApp-Image-2021-08-01-at-10.36.38-e1627827773807.jpeg?fit=1552%2C868&ssl=1","jetpack_sharing_enabled":true,"_links":{"self":[{"href":"https:\/\/cdnoticias.com\/index.php\/wp-json\/wp\/v2\/posts\/28251","targetHints":{"allow":["GET"]}}],"collection":[{"href":"https:\/\/cdnoticias.com\/index.php\/wp-json\/wp\/v2\/posts"}],"about":[{"href":"https:\/\/cdnoticias.com\/index.php\/wp-json\/wp\/v2\/types\/post"}],"author":[{"embeddable":true,"href":"https:\/\/cdnoticias.com\/index.php\/wp-json\/wp\/v2\/users\/3"}],"replies":[{"embeddable":true,"href":"https:\/\/cdnoticias.com\/index.php\/wp-json\/wp\/v2\/comments?post=28251"}],"version-history":[{"count":0,"href":"https:\/\/cdnoticias.com\/index.php\/wp-json\/wp\/v2\/posts\/28251\/revisions"}],"wp:featuredmedia":[{"embeddable":true,"href":"https:\/\/cdnoticias.com\/index.php\/wp-json\/wp\/v2\/media\/28252"}],"wp:attachment":[{"href":"https:\/\/cdnoticias.com\/index.php\/wp-json\/wp\/v2\/media?parent=28251"}],"wp:term":[{"taxonomy":"category","embeddable":true,"href":"https:\/\/cdnoticias.com\/index.php\/wp-json\/wp\/v2\/categories?post=28251"},{"taxonomy":"post_tag","embeddable":true,"href":"https:\/\/cdnoticias.com\/index.php\/wp-json\/wp\/v2\/tags?post=28251"}],"curies":[{"name":"wp","href":"https:\/\/api.w.org\/{rel}","templated":true}]}}