{"id":28231,"date":"2021-08-01T09:45:42","date_gmt":"2021-08-01T12:45:42","guid":{"rendered":"http:\/\/www.centraldenoticias.com.ar\/?p=28231"},"modified":"2021-08-01T09:45:59","modified_gmt":"2021-08-01T12:45:59","slug":"artistas-solidarios-se-suman-al-evento-a-beneficio-del-hogar-de-ninas-san-jose","status":"publish","type":"post","link":"https:\/\/cdnoticias.com\/index.php\/2021\/08\/01\/artistas-solidarios-se-suman-al-evento-a-beneficio-del-hogar-de-ninas-san-jose\/","title":{"rendered":"Artistas solidarios se suman al evento a beneficio del Hogar de Ni\u00f1as \u201cSan Jos\u00e9\u201d"},"content":{"rendered":"<p>Se trata de un show que se emitir\u00e1 por Youtube y Canal Local que se realizar\u00e1 a fin de mes. Los detalles.<!--more--><\/p>\n<hr \/>\n<p><a href=\"https:\/\/cdnoticias.com\/index.php\/2021\/06\/26\/hogar-de-ninas-san-jose-los-numeros-no-nos-cierran-de-ninguna-manera\/\" target=\"_blank\" rel=\"noopener\">Desde hace ya un tiempo el Hogar de Ni\u00f1as San Jos\u00e9 viene atravesando una delicada situaci\u00f3n econ\u00f3mica<\/a>, lo que ha motivado que se pongan en marcha distintas actividades para poder recaudar fondos. Y una de ellas, quiz\u00e1s de las m\u00e1s relevantes, tendr\u00e1 lugar en los pr\u00f3ximos d\u00edas. <strong>Se trata de un evento musical que se emitir\u00e1 en vivo tanto por Youtube como por Canal Local.<\/strong><\/p>\n<p>&nbsp;<\/p>\n<p><img data-recalc-dims=\"1\" loading=\"lazy\" decoding=\"async\" class=\"alignnone size-full wp-image-28235\" src=\"https:\/\/i0.wp.com\/cdnoticias.com\/wp-content\/uploads\/2021\/08\/evento-hogar-1.jpg?resize=800%2C445&#038;ssl=1\" alt=\"\" width=\"800\" height=\"445\" srcset=\"https:\/\/i0.wp.com\/cdnoticias.com\/wp-content\/uploads\/2021\/08\/evento-hogar-1.jpg?w=800&amp;ssl=1 800w, https:\/\/i0.wp.com\/cdnoticias.com\/wp-content\/uploads\/2021\/08\/evento-hogar-1.jpg?resize=300%2C167&amp;ssl=1 300w, https:\/\/i0.wp.com\/cdnoticias.com\/wp-content\/uploads\/2021\/08\/evento-hogar-1.jpg?resize=768%2C427&amp;ssl=1 768w\" sizes=\"auto, (max-width: 800px) 100vw, 800px\" \/><\/p>\n<p>&nbsp;<\/p>\n<p><strong>\u201cAbrazando tu coraz\u00f3n\u201d es el nombre del espect\u00e1culo que se llevar\u00e1 adelante el pr\u00f3ximo domingo 22 de agosto desde las 20:30<\/strong>, que contar\u00e1 con la conducci\u00f3n de Marcelo Manolio y para el cual ya confirmaron varios artistas locales, regionales y nacionales.<\/p>\n<p>&nbsp;<\/p>\n<p><img data-recalc-dims=\"1\" loading=\"lazy\" decoding=\"async\" class=\"alignnone size-large wp-image-28237\" src=\"https:\/\/i0.wp.com\/cdnoticias.com\/wp-content\/uploads\/2021\/08\/IMG-20210729-WA0094.jpg?resize=800%2C814&#038;ssl=1\" alt=\"\" width=\"800\" height=\"814\" srcset=\"https:\/\/i0.wp.com\/cdnoticias.com\/wp-content\/uploads\/2021\/08\/IMG-20210729-WA0094.jpg?resize=1007%2C1024&amp;ssl=1 1007w, https:\/\/i0.wp.com\/cdnoticias.com\/wp-content\/uploads\/2021\/08\/IMG-20210729-WA0094.jpg?resize=295%2C300&amp;ssl=1 295w, https:\/\/i0.wp.com\/cdnoticias.com\/wp-content\/uploads\/2021\/08\/IMG-20210729-WA0094.jpg?resize=768%2C781&amp;ssl=1 768w, https:\/\/i0.wp.com\/cdnoticias.com\/wp-content\/uploads\/2021\/08\/IMG-20210729-WA0094.jpg?w=1062&amp;ssl=1 1062w\" sizes=\"auto, (max-width: 800px) 100vw, 800px\" \/><\/p>\n<p>&nbsp;<\/p>\n<p>De acuerdo lo que se detall\u00f3 desde la organizaci\u00f3n del evento, llevada adelante por D\u00b4Mentes contenido, participar\u00e1n los artistas: <strong>Bar\u00edtono Juan Sebasti\u00e1n, Karina Bettiga, Florencia Bellomo, Camila Pereyra junto a integrantes de la banda de Lima Lim\u00f3n y el m\u00fasico pampeano Rom\u00e1n Ramonda, quien particip\u00f3 del \u00faltimo Festival Nacional de Doma y Folklore de Olavarr\u00eda.<\/strong><\/p>\n<p>&nbsp;<\/p>\n<p><img data-recalc-dims=\"1\" loading=\"lazy\" decoding=\"async\" class=\"alignnone size-full wp-image-28239\" src=\"https:\/\/i0.wp.com\/cdnoticias.com\/wp-content\/uploads\/2021\/08\/IMG-20210727-WA0047.jpg?resize=720%2C479&#038;ssl=1\" alt=\"\" width=\"720\" height=\"479\" srcset=\"https:\/\/i0.wp.com\/cdnoticias.com\/wp-content\/uploads\/2021\/08\/IMG-20210727-WA0047.jpg?w=720&amp;ssl=1 720w, https:\/\/i0.wp.com\/cdnoticias.com\/wp-content\/uploads\/2021\/08\/IMG-20210727-WA0047.jpg?resize=300%2C200&amp;ssl=1 300w, https:\/\/i0.wp.com\/cdnoticias.com\/wp-content\/uploads\/2021\/08\/IMG-20210727-WA0047.jpg?resize=272%2C182&amp;ssl=1 272w\" sizes=\"auto, (max-width: 720px) 100vw, 720px\" \/><\/p>\n<p>&nbsp;<\/p>\n<p>Adem\u00e1s, durante la transmisi\u00f3n habr\u00e1 entrevistas, participaci\u00f3n de invitados y<strong> sorteos para todos los que hayan adquirido con anterioridad el bono solidario que la instituci\u00f3n estar\u00e1 ofreciendo a todos los que quieran colaborar<\/strong>. Si bien la transmisi\u00f3n ser\u00e1 abierta a todo el p\u00fablico, el sorteo ser\u00e1 s\u00f3lo para quienes hayan comprado el bono que saldr\u00e1 a la venta pr\u00f3ximamente y que tendr\u00e1 un valor de $300.<\/p>\n<p>&nbsp;<\/p>\n<p><em><strong>Los interesados en adquirir dicho bono pueden comunicarse a los siguientes lugares:<\/strong><\/em><\/p>\n<p>&nbsp;<\/p>\n<p>_ Hogar de Ni\u00f1as Tel 02284- 425247 calle Belgrano 2219, al Tel 02284-424456 Despu\u00e9s de las 15hs, o comunicarse con cualquiera de los integrantes de Comisi\u00f3n Directiva del Hogar.<\/p>\n<p>_ Todo Bul\u00f3n (Cnel Su\u00e1rez 1870)<\/p>\n<p>_ Kiosco \u201cTranquilo Cacho\u201d (Sgto Cabral y Alsina)<\/p>\n<p>_ Waiting (Vte L\u00f3pez 2537)<\/p>\n<p>_ \u00a0Farmacia Menescaldi (Av. Sarmiento y Vte L\u00f3pez)<\/p>\n<p>_ \u00a0Card\u00f3n Olavarr\u00eda (Necochea 3061)<\/p>\n<p>_ \u00a0Perfumer\u00eda Jazm\u00edn (San Mart\u00edn 2675)<\/p>\n<p>&nbsp;<\/p>\n<blockquote><p>Tambi\u00e9n cabe recordar que est\u00e1 disponible nuestro CBU para quienes quieran colaborar tanto antes o el mismo d\u00eda del evento, Banco Provincia CBU 0140337201637905008140.<\/p><\/blockquote>\n<p>&nbsp;<\/p>\n","protected":false},"excerpt":{"rendered":"<p>Se trata de un show que se emitir\u00e1 por Youtube y Canal Local que se realizar\u00e1 a fin de mes.<\/p>\n","protected":false},"author":3,"featured_media":28236,"comment_status":"closed","ping_status":"closed","sticky":false,"template":"","format":"standard","meta":{"_jetpack_memberships_contains_paid_content":false,"footnotes":""},"categories":[9,1],"tags":[],"class_list":["post-28231","post","type-post","status-publish","format-standard","has-post-thumbnail","hentry","category-cultura","category-portada"],"jetpack_featured_media_url":"https:\/\/i0.wp.com\/cdnoticias.com\/wp-content\/uploads\/2021\/08\/IMG-20210727-WA0037-e1627821892435.jpg?fit=850%2C552&ssl=1","jetpack_sharing_enabled":true,"_links":{"self":[{"href":"https:\/\/cdnoticias.com\/index.php\/wp-json\/wp\/v2\/posts\/28231","targetHints":{"allow":["GET"]}}],"collection":[{"href":"https:\/\/cdnoticias.com\/index.php\/wp-json\/wp\/v2\/posts"}],"about":[{"href":"https:\/\/cdnoticias.com\/index.php\/wp-json\/wp\/v2\/types\/post"}],"author":[{"embeddable":true,"href":"https:\/\/cdnoticias.com\/index.php\/wp-json\/wp\/v2\/users\/3"}],"replies":[{"embeddable":true,"href":"https:\/\/cdnoticias.com\/index.php\/wp-json\/wp\/v2\/comments?post=28231"}],"version-history":[{"count":0,"href":"https:\/\/cdnoticias.com\/index.php\/wp-json\/wp\/v2\/posts\/28231\/revisions"}],"wp:featuredmedia":[{"embeddable":true,"href":"https:\/\/cdnoticias.com\/index.php\/wp-json\/wp\/v2\/media\/28236"}],"wp:attachment":[{"href":"https:\/\/cdnoticias.com\/index.php\/wp-json\/wp\/v2\/media?parent=28231"}],"wp:term":[{"taxonomy":"category","embeddable":true,"href":"https:\/\/cdnoticias.com\/index.php\/wp-json\/wp\/v2\/categories?post=28231"},{"taxonomy":"post_tag","embeddable":true,"href":"https:\/\/cdnoticias.com\/index.php\/wp-json\/wp\/v2\/tags?post=28231"}],"curies":[{"name":"wp","href":"https:\/\/api.w.org\/{rel}","templated":true}]}}