{"id":28230,"date":"2021-08-01T11:53:55","date_gmt":"2021-08-01T14:53:55","guid":{"rendered":"http:\/\/www.centraldenoticias.com.ar\/?p=28230"},"modified":"2021-08-02T08:27:59","modified_gmt":"2021-08-02T11:27:59","slug":"largada-de-la-campana-con-recorridas-anuncios-y-obras","status":"publish","type":"post","link":"https:\/\/cdnoticias.com\/index.php\/2021\/08\/01\/largada-de-la-campana-con-recorridas-anuncios-y-obras\/","title":{"rendered":"Largada de la campa\u00f1a con recorridas, anuncios y obras"},"content":{"rendered":"<p>Mostrarse cerca y con soluciones, la clave de esta etapa de la campa\u00f1a para los precandidatos. Bruno Cenizo y Maximiliano Wesner, en obras p\u00fablicas. Bel\u00e9n Vergel, de recorrida por localidades. Diego Robbiani y &#8220;Bali&#8221; Bucca ya salieron de gira por la S\u00e9ptima secci\u00f3n.<!--more--><\/p>\n<hr \/>\n<p><em>Extracto del newsletter Volver a las Fuentes,\u00a0<a href=\"https:\/\/mailchi.mp\/08d5504ff071\/con-esta-campaa-te-tiran-obras-por-la-cabeza\" target=\"_blank\" rel=\"noopener\">donde\u00a0se\u00a0puede acceder y suscribir ac\u00e1.<\/a>\u00a0<\/em><strong>Por Alexis Grierson y Josefina Bargas.<\/strong><\/p>\n<p>&nbsp;<\/p>\n<p dir=\"ltr\"><u><strong>Tras el cierre, obras por doquier<\/strong><\/u><\/p>\n<p>&nbsp;<\/p>\n<p dir=\"ltr\">El s\u00e1bado del cierre de listas pas\u00f3, y Cenizo y Wesner no perdieron tiempo:\u00a0<strong>salieron a recorrer cuanta obra se cruce en la ciudad<\/strong>\u00a0(que son muchas, vale destacar). Toda la semana se los pudo ver cerca de asfalto, de avances, de trabajos en la ciudad de diverso tipo.<\/p>\n<p>&nbsp;<\/p>\n<p dir=\"ltr\">Dos semanas antes del cierre, <a href=\"https:\/\/cdnoticias.com\/index.php\/2021\/07\/15\/que-llegue-la-mayor-cantidad-de-obras-a-olavarria\/\" target=\"_blank\" rel=\"noopener\">el ministro Katopodis<\/a> hab\u00eda dicho que el gobierno nacional <em>\u201cest\u00e1 haciendo muchas obras en Olavarr\u00eda en el marco del Argentina Hace, coordinadas con el Intendente que incluso se ha sacado la foto y ha hecho su aprovechamiento pol\u00edtico. De todos modos no es lo importante, lo importante es que la obra le llegue al vecino\u201d<\/em>. Pues bien,\u00a0<strong>a Galli se le sum\u00f3 Cenizo, y en paralelo se le sum\u00f3 Wesner<\/strong>.<\/p>\n<p><img data-recalc-dims=\"1\" loading=\"lazy\" decoding=\"async\" class=\"size-large wp-image-28050 aligncenter\" src=\"https:\/\/i0.wp.com\/cdnoticias.com\/wp-content\/uploads\/2021\/07\/Obras-Repavimentacion-Alberdi-1-scaled.jpg?resize=800%2C534&#038;ssl=1\" alt=\"\" width=\"800\" height=\"534\" srcset=\"https:\/\/i0.wp.com\/cdnoticias.com\/wp-content\/uploads\/2021\/07\/Obras-Repavimentacion-Alberdi-1-scaled.jpg?resize=1024%2C684&amp;ssl=1 1024w, https:\/\/i0.wp.com\/cdnoticias.com\/wp-content\/uploads\/2021\/07\/Obras-Repavimentacion-Alberdi-1-scaled.jpg?resize=300%2C201&amp;ssl=1 300w, https:\/\/i0.wp.com\/cdnoticias.com\/wp-content\/uploads\/2021\/07\/Obras-Repavimentacion-Alberdi-1-scaled.jpg?resize=768%2C513&amp;ssl=1 768w, https:\/\/i0.wp.com\/cdnoticias.com\/wp-content\/uploads\/2021\/07\/Obras-Repavimentacion-Alberdi-1-scaled.jpg?resize=272%2C182&amp;ssl=1 272w, https:\/\/i0.wp.com\/cdnoticias.com\/wp-content\/uploads\/2021\/07\/Obras-Repavimentacion-Alberdi-1-scaled.jpg?w=1600&amp;ssl=1 1600w, https:\/\/i0.wp.com\/cdnoticias.com\/wp-content\/uploads\/2021\/07\/Obras-Repavimentacion-Alberdi-1-scaled.jpg?w=2400&amp;ssl=1 2400w\" sizes=\"auto, (max-width: 800px) 100vw, 800px\" \/><\/p>\n<p dir=\"ltr\">Es que\u00a0el precandidato del Frente de Todos se lo vio en la obra de <a href=\"https:\/\/cdnoticias.com\/index.php\/2021\/07\/31\/maxi-wesner-recorrio-obras-que-se-llevan-adelante-con-fondos-nacionales\/\" target=\"_blank\" rel=\"noopener\">repavimentaci\u00f3n de avenida Ituzaing\u00f3 y las veredas comerciales del barrio CECO<\/a>, lugar que incluso el Intendente visit\u00f3 en m\u00e1s de una oportunidad.<\/p>\n<p>&nbsp;<\/p>\n<p dir=\"ltr\"><strong>Cenizo fue un ladero del centro de la escena del Pro, Ezequiel Galli<\/strong>. Fue, junto al candidato Diego Robbiani, a cuanta obra est\u00e1n realizando en el distrito. Fondos propios, fondos provinciales, nacionales, la cuesti\u00f3n es que la primera semana de campa\u00f1a (no oficial, recordemos que el calendario electoral estipula el inicio el 8 de agosto pr\u00f3ximo) mostr\u00f3 a los espacios pol\u00edticos con el objetivo de\u00a0<strong>estar cerca del vecino con obras, con soluciones a varias problem\u00e1ticas<\/strong>.<\/p>\n<p>&nbsp;<\/p>\n<p><img data-recalc-dims=\"1\" loading=\"lazy\" decoding=\"async\" class=\"size-large wp-image-28218 aligncenter\" src=\"https:\/\/i0.wp.com\/cdnoticias.com\/wp-content\/uploads\/2021\/07\/maxi-wesner-de-recorrida-obras-2.jpeg?resize=800%2C491&#038;ssl=1\" alt=\"\" width=\"800\" height=\"491\" srcset=\"https:\/\/i0.wp.com\/cdnoticias.com\/wp-content\/uploads\/2021\/07\/maxi-wesner-de-recorrida-obras-2.jpeg?resize=1024%2C629&amp;ssl=1 1024w, https:\/\/i0.wp.com\/cdnoticias.com\/wp-content\/uploads\/2021\/07\/maxi-wesner-de-recorrida-obras-2.jpeg?resize=300%2C184&amp;ssl=1 300w, https:\/\/i0.wp.com\/cdnoticias.com\/wp-content\/uploads\/2021\/07\/maxi-wesner-de-recorrida-obras-2.jpeg?resize=768%2C472&amp;ssl=1 768w, https:\/\/i0.wp.com\/cdnoticias.com\/wp-content\/uploads\/2021\/07\/maxi-wesner-de-recorrida-obras-2.jpeg?w=1280&amp;ssl=1 1280w\" sizes=\"auto, (max-width: 800px) 100vw, 800px\" \/><\/p>\n<p>&nbsp;<\/p>\n<p dir=\"ltr\">En paralelo,\u00a0<strong>Diego Robbiani se puso el traje de precandidato en la S\u00e9ptima<\/strong>\u00a0y en la primera semana recorri\u00f3 varios distritos junto a Hilario Galli, quien m\u00e1s all\u00e1 de su precandidatura -t\u00e9cnicamente simb\u00f3lica- a diputado nacional, fue un dirigente importante en los armados del Pro seccional y conoce a quienes est\u00e1n liderando los distritos vecinos.<\/p>\n<p dir=\"ltr\">De todos modos, las recorridas de Robbiani y Galli estuvieron vinculadas al di\u00e1logo con representantes de diversos rubros de la econom\u00eda y lo social.<\/p>\n<blockquote class=\"twitter-tweet\">\n<p dir=\"ltr\" lang=\"es\">Este jueves, con <a href=\"https:\/\/twitter.com\/maximo_godoy?ref_src=twsrc%5Etfw\">@maximo_godoy<\/a> e <a href=\"https:\/\/twitter.com\/HilarioGalli?ref_src=twsrc%5Etfw\">@HilarioGalli<\/a> visitamos el Alvear Football Club. Durante muchos a\u00f1os, la instituci\u00f3n estuvo abandonada y un grupo de personas se puso a trabajar para volver a darle vida. <a href=\"https:\/\/t.co\/BLp7ZVdb4C\">pic.twitter.com\/BLp7ZVdb4C<\/a><\/p>\n<p>\u2014 Diego Robbiani (@robbiani_diego) <a href=\"https:\/\/twitter.com\/robbiani_diego\/status\/1420870049477402627?ref_src=twsrc%5Etfw\">July 29, 2021<\/a><\/p><\/blockquote>\n<p><script async src=\"https:\/\/platform.twitter.com\/widgets.js\" charset=\"utf-8\"><\/script><\/p>\n<p dir=\"ltr\">Despu\u00e9s de un cierre bastante caliente y un \u00bfintento de rebeli\u00f3n? de los intendentes de la S\u00e9ptima para con los referentes del armado de listas, el primer precandidato a senador provincial,\u00a0<strong>Eduardo \u201cBali\u201d Bucca, se mostr\u00f3 junto a Hern\u00e1n Rallinqueo\u00a0<\/strong>para poner pa\u00f1os fr\u00edos a lo sucedido la semana pasada.<\/p>\n<p>&nbsp;<\/p>\n<p dir=\"ltr\"><em>\u201cEsta semana nos ordenamos, el enojo queda pero quiz\u00e1s hubo alg\u00fan dirigente que qued\u00f3 m\u00e1s expuesto porque se not\u00f3 la intenci\u00f3n\u201d<\/em>\u00a0dijo un dirigente del Frente de Todos haciendo referencia, probablemente, al diputado provincial Walter Abarca, quien estaba junto a Ralinqueo, Gasparini, entre otros, para buscar un lugar en la lista, algo que no prosper\u00f3.<\/p>\n<blockquote class=\"twitter-tweet\">\n<p dir=\"ltr\" lang=\"es\">Con <a href=\"https:\/\/twitter.com\/hernanralinqueo?ref_src=twsrc%5Etfw\">@hernanralinqueo<\/a> y el director de defensa civil <a href=\"https:\/\/twitter.com\/CarlosBotta9?ref_src=twsrc%5Etfw\">@CarlosBotta9<\/a> analizamos el excelente impacto del programa de vacunaci\u00f3n en 25 de Mayo. Tambi\u00e9n evaluamos los beneficios de la ley de fortalecimiento del sistema bomberil para los cuarteles del partido.<a href=\"https:\/\/twitter.com\/hashtag\/Re?src=hash&amp;ref_src=twsrc%5Etfw\">#Re<\/a>\ud83c\udfc3\ud83c\udfc3\u200d\u2640\ufe0f25DeMayo <a href=\"https:\/\/t.co\/0chovkg8Iq\">pic.twitter.com\/0chovkg8Iq<\/a><\/p>\n<p>\u2014 Eduardo Bali Bucca (@BuccaBali) <a href=\"https:\/\/twitter.com\/BuccaBali\/status\/1421269695940923394?ref_src=twsrc%5Etfw\">July 31, 2021<\/a><\/p><\/blockquote>\n<p><script async src=\"https:\/\/platform.twitter.com\/widgets.js\" charset=\"utf-8\"><\/script><\/p>\n<p dir=\"ltr\">Por su parte el radicalismo, que con\u00a0<strong>Bel\u00e9n Vergel y Sebasti\u00e1n Matrella<\/strong>\u00a0buscar\u00e1n disputar a \u201cla lista de Galli\u201d, eligieron el\u00a0<strong>formato recorridas<\/strong>\u00a0para <a href=\"https:\/\/cdnoticias.com\/index.php\/2021\/07\/30\/belen-vergel-visito-sierra-chica-y-colonia-hinojo\/\" target=\"_blank\" rel=\"noopener\">mostrarse junto a vecinos escuchando problem\u00e1ticas<\/a>. El punto m\u00e1s destacado fue tanto en Hinojo como en Sierra Chica, donde se les acerc\u00f3 en detalle el proyecto para\u00a0<em>\u201cla redistribuci\u00f3n de lo percibido por el derecho de explotaci\u00f3n de canteras\u201d<\/em>. Eso no es todo: tambi\u00e9n mantuvieron un <a href=\"https:\/\/cdnoticias.com\/index.php\/2021\/07\/31\/vergel-y-matrella-junto-a-margarita-stolbizer\/\" target=\"_blank\" rel=\"noopener\">encuentro con Margarita Stolbizer<\/a>, en otra foto pol\u00edtica destacada.<\/p>\n<p>&nbsp;<\/p>\n<p dir=\"ltr\">M\u00e1s all\u00e1 de las posibles visitas de los referentes de las listas en la Provincia,\u00a0<strong>la campa\u00f1a arranc\u00f3 en la b\u00fasqueda de estar cerca de los vecinos<\/strong>. No s\u00f3lo escucharlos: mostrar que se pueden solucionar problemas. Ser\u00e1 interesante ver y analizar la credibilidad de esa soluci\u00f3n (sobre todo por el momento que atraviesa la ciudad y el pa\u00eds) y los l\u00edmites que puede imponer la pandemia.<\/p>\n<p><img data-recalc-dims=\"1\" loading=\"lazy\" decoding=\"async\" class=\"size-full wp-image-28173 aligncenter\" src=\"https:\/\/i0.wp.com\/cdnoticias.com\/wp-content\/uploads\/2021\/07\/vergel-matrella-stolbizer-02.jpg?resize=800%2C445&#038;ssl=1\" alt=\"\" width=\"800\" height=\"445\" srcset=\"https:\/\/i0.wp.com\/cdnoticias.com\/wp-content\/uploads\/2021\/07\/vergel-matrella-stolbizer-02.jpg?w=800&amp;ssl=1 800w, https:\/\/i0.wp.com\/cdnoticias.com\/wp-content\/uploads\/2021\/07\/vergel-matrella-stolbizer-02.jpg?resize=300%2C167&amp;ssl=1 300w, https:\/\/i0.wp.com\/cdnoticias.com\/wp-content\/uploads\/2021\/07\/vergel-matrella-stolbizer-02.jpg?resize=768%2C427&amp;ssl=1 768w\" sizes=\"auto, (max-width: 800px) 100vw, 800px\" \/><\/p>\n<p dir=\"ltr\"><u><strong>Viviendas, terrenos, \u00a1all in!\u00a0<\/strong><\/u><\/p>\n<p>&nbsp;<\/p>\n<p dir=\"ltr\">Como era previsible, el tema vivienda y necesidad habitacional sigue en agenda en Olavarr\u00eda. Y por supuesto, estar\u00e1 presente en la campa\u00f1a aunque sea legislativa.<\/p>\n<p>&nbsp;<\/p>\n<p dir=\"ltr\">La semana pasada hab\u00edamos quedado en la apertura de ofertas para la segunda tanda de viviendas TUVI del Municipio: 20 casas prefabricadas. Esta semana,\u00a0<strong>Ezequiel Galli con Bruno Cenizo fueron hasta donde comenzaron las obras<\/strong>\u00a0para la <a href=\"https:\/\/cdnoticias.com\/index.php\/2021\/07\/28\/galli-recorrio-las-obras-de-la-primera-etapa-de-obra-del-plan-tu-vi\/\" target=\"_blank\" rel=\"noopener\">primera etapa de las 20 casas de construcci\u00f3n tradicional<\/a>. Saludos, fotos, comunicado, redes. Lo cl\u00e1sico.<\/p>\n<p>&nbsp;<\/p>\n<p dir=\"ltr\">Pero el martes, gran sorpresa:\u00a0<strong>Wesner encabez\u00f3 el (gran) anuncio de la asignaci\u00f3n de 162 cr\u00e9ditos Procrear para afiliados a AOMA y el CECO<\/strong>. <a href=\"https:\/\/cdnoticias.com\/index.php\/2021\/07\/27\/wesner-y-scattolini-anunciaron-la-construccion-de-162-viviendas-para-olavarria\/\" target=\"_blank\" rel=\"noopener\">Los dirigentes sindicales de ambas entidades estuvieron en el acto<\/a> de firma de la asignaci\u00f3n de los cr\u00e9ditos hipotecarios. Las casas se construir\u00e1n con el sistema de Procrear aunque en convenio con los sindicatos.\u00a0<em>\u201cSon los primeros dos sindicatos del pa\u00eds que firman este modelo de acuerdo directo\u201d<\/em>\u00a0se indic\u00f3. Si esta prueba funciona bien, se estima que comenzar\u00e1 a expandirse a m\u00e1s sindicatos.<\/p>\n<p><img data-recalc-dims=\"1\" loading=\"lazy\" decoding=\"async\" class=\"size-large wp-image-27773 aligncenter\" src=\"https:\/\/i0.wp.com\/cdnoticias.com\/wp-content\/uploads\/2021\/07\/WhatsApp-Image-2021-07-27-at-17.19.36.jpeg?resize=800%2C505&#038;ssl=1\" alt=\"\" width=\"800\" height=\"505\" srcset=\"https:\/\/i0.wp.com\/cdnoticias.com\/wp-content\/uploads\/2021\/07\/WhatsApp-Image-2021-07-27-at-17.19.36.jpeg?resize=1024%2C646&amp;ssl=1 1024w, https:\/\/i0.wp.com\/cdnoticias.com\/wp-content\/uploads\/2021\/07\/WhatsApp-Image-2021-07-27-at-17.19.36.jpeg?resize=300%2C189&amp;ssl=1 300w, https:\/\/i0.wp.com\/cdnoticias.com\/wp-content\/uploads\/2021\/07\/WhatsApp-Image-2021-07-27-at-17.19.36.jpeg?resize=768%2C484&amp;ssl=1 768w, https:\/\/i0.wp.com\/cdnoticias.com\/wp-content\/uploads\/2021\/07\/WhatsApp-Image-2021-07-27-at-17.19.36.jpeg?w=1280&amp;ssl=1 1280w\" sizes=\"auto, (max-width: 800px) 100vw, 800px\" \/><\/p>\n<p dir=\"ltr\">\u201cHay que destacar que en Olavarr\u00eda se entregaron 313 cr\u00e9ditos de la l\u00ednea Construcci\u00f3n, 97 de la l\u00ednea lote con servicio y m\u00e1s estos 162 cr\u00e9ditos hipotecarios para AOMA y CECO son m\u00e1s de 550 cr\u00e9ditos hipotecarios entregados.\u00a0<strong>Tengo la sensaci\u00f3n de estar dando la mejor noticia del a\u00f1o<\/strong>, Olavarr\u00eda necesita de este tipo de anuncios, vamos a devolver la esperanza a los vecinos\u201d dijo Wesner para dimensionar el impacto de Procrear en el distrito.<\/p>\n<p>&nbsp;<\/p>\n<p dir=\"ltr\">Tras estas palabras,\u00a0<strong>Alejandro Santill\u00e1n (secretario general de AOMA)<\/strong>\u00a0dio algunas entrevistas en distintos medios donde celebr\u00f3 la posibilidad de beneficiar a afiliados de su sindicato. Y de pasada,\u00a0<strong>cuestion\u00f3 a Ezequiel Galli por frenar este proyecto de viviendas que AOMA present\u00f3 hace varios a\u00f1os al Municipio<\/strong>.\u00a0<a href=\"https:\/\/cdnoticias.com\/index.php\/2021\/07\/29\/alejandro-santillan-el-sueno-de-todo-dirigente-es-poder-concretar-un-barrio-para-sus-afiliados\/\" target=\"_blank\" rel=\"noopener\">\u201cNi lerdo ni perezoso manifest\u00f3 que quer\u00eda la mitad de los lotes para los trabajadores municipales\u201d<\/a>\u00a0asegur\u00f3 Santill\u00e1n sobre el intendente.<\/p>\n<p><img data-recalc-dims=\"1\" loading=\"lazy\" decoding=\"async\" class=\"size-large wp-image-27868 aligncenter\" src=\"https:\/\/i0.wp.com\/cdnoticias.com\/wp-content\/uploads\/2021\/07\/Obras-TuVI-1-scaled.jpg?resize=800%2C534&#038;ssl=1\" alt=\"\" width=\"800\" height=\"534\" srcset=\"https:\/\/i0.wp.com\/cdnoticias.com\/wp-content\/uploads\/2021\/07\/Obras-TuVI-1-scaled.jpg?resize=1024%2C684&amp;ssl=1 1024w, https:\/\/i0.wp.com\/cdnoticias.com\/wp-content\/uploads\/2021\/07\/Obras-TuVI-1-scaled.jpg?resize=300%2C201&amp;ssl=1 300w, https:\/\/i0.wp.com\/cdnoticias.com\/wp-content\/uploads\/2021\/07\/Obras-TuVI-1-scaled.jpg?resize=768%2C513&amp;ssl=1 768w, https:\/\/i0.wp.com\/cdnoticias.com\/wp-content\/uploads\/2021\/07\/Obras-TuVI-1-scaled.jpg?resize=272%2C182&amp;ssl=1 272w, https:\/\/i0.wp.com\/cdnoticias.com\/wp-content\/uploads\/2021\/07\/Obras-TuVI-1-scaled.jpg?w=1600&amp;ssl=1 1600w, https:\/\/i0.wp.com\/cdnoticias.com\/wp-content\/uploads\/2021\/07\/Obras-TuVI-1-scaled.jpg?w=2400&amp;ssl=1 2400w\" sizes=\"auto, (max-width: 800px) 100vw, 800px\" \/><\/p>\n<p dir=\"ltr\">Desde el oficialismo hubo una (re)valoraci\u00f3n del Programa TU.VI (<strong>\u201csi salieron con esto es porque nuestro plan tuvo un impacto en el olavarriense\u201d<\/strong>\u00a0dijeron) y adem\u00e1s hubo quejas por la\u00a0<strong>\u201ccercan\u00eda pol\u00edtica\u201d<\/strong>\u00a0de los sindicatos con el Frente de Todos. Incluso, no anduvieron con sutilezas:\u00a0<em>\u201chay favoritismo, habr\u00eda que ver si llega a otros sindicatos que piensan distinto que la Provincia o Naci\u00f3n\u201d<\/em>.<\/p>\n<p>&nbsp;<\/p>\n<p dir=\"ltr\">Pero esto no iba a quedar ah\u00ed. Con la foto del precandidato al Senado provincial, el viernes el Municipio anunci\u00f3 que <a href=\"https:\/\/cdnoticias.com\/index.php\/2021\/07\/30\/el-municipio-puso-a-disposicion-de-provincia-un-macizo-de-tierras\/\" target=\"_blank\" rel=\"noopener\">puso a disposici\u00f3n de la Provincia \u201cun macizo\u201d<\/a> en Sargento Cabral y calle 5 para desarrollar\u00a0<strong>un proyecto de \u201cviviendas sociales\u201d en los 104 lotes que estar\u00edan disponibles<\/strong>, el cual tambi\u00e9n se present\u00f3. Ahora la pelota la tiene la Subsecretar\u00eda de H\u00e1bitat de la provincia de Buenos Aires. Para decirlo en otras palabras,\u00a0<strong>le tiraron con un macizo por la cabeza\u2026<\/strong><\/p>\n<p>&nbsp;<\/p>\n<p><strong>Un extracto<\/strong><\/p>\n<p>&nbsp;<\/p>\n<p>Estos temas, y otros m\u00e1s de la actualidad del \u00e1mbito pol\u00edtico local, se publicaron en la edici\u00f3n de este domingo del newsletter\u00a0<strong>Volver a las Fuentes<\/strong>\u00a0\u2013en esta edici\u00f3n,\u00a0<strong>\u201cCon esta campa\u00f1a te tiran obras por la cabeza\u201d<\/strong>\u00a0\u2013 que escriben semanalmente\u00a0<em>Alexis Grierson<\/em>\u00a0y\u00a0<em>Josefina Bargas<\/em>.<\/p>\n<p>&nbsp;<\/p>\n<p>La publicaci\u00f3n es gratuita, sale todos los domingos a la ma\u00f1ana.\u00a0<a href=\"https:\/\/mailchi.mp\/08d5504ff071\/con-esta-campaa-te-tiran-obras-por-la-cabeza\" target=\"_blank\" rel=\"noopener\">La edici\u00f3n completa ac\u00e1<\/a>\u00a0y la<a href=\"https:\/\/gmail.us17.list-manage.com\/subscribe?u=cba2a41506a8e26d100c3f0f8&amp;id=63ce583cd9\" target=\"_blank\" rel=\"noopener\">\u00a0suscripci\u00f3n est\u00e1 abierta aqu\u00ed.<\/a><\/p>\n","protected":false},"excerpt":{"rendered":"<p>Mostrarse cerca y con soluciones, la clave de esta etapa de la campa\u00f1a para los precandidatos. Bruno Cenizo y Maximiliano<\/p>\n","protected":false},"author":4,"featured_media":28242,"comment_status":"closed","ping_status":"closed","sticky":false,"template":"","format":"standard","meta":{"_jetpack_memberships_contains_paid_content":false,"footnotes":""},"categories":[4,1],"tags":[],"class_list":["post-28230","post","type-post","status-publish","format-standard","has-post-thumbnail","hentry","category-politica","category-portada"],"jetpack_featured_media_url":"https:\/\/i0.wp.com\/cdnoticias.com\/wp-content\/uploads\/2021\/08\/candidatos-tapa.jpg?fit=800%2C445&ssl=1","jetpack_sharing_enabled":true,"_links":{"self":[{"href":"https:\/\/cdnoticias.com\/index.php\/wp-json\/wp\/v2\/posts\/28230","targetHints":{"allow":["GET"]}}],"collection":[{"href":"https:\/\/cdnoticias.com\/index.php\/wp-json\/wp\/v2\/posts"}],"about":[{"href":"https:\/\/cdnoticias.com\/index.php\/wp-json\/wp\/v2\/types\/post"}],"author":[{"embeddable":true,"href":"https:\/\/cdnoticias.com\/index.php\/wp-json\/wp\/v2\/users\/4"}],"replies":[{"embeddable":true,"href":"https:\/\/cdnoticias.com\/index.php\/wp-json\/wp\/v2\/comments?post=28230"}],"version-history":[{"count":0,"href":"https:\/\/cdnoticias.com\/index.php\/wp-json\/wp\/v2\/posts\/28230\/revisions"}],"wp:featuredmedia":[{"embeddable":true,"href":"https:\/\/cdnoticias.com\/index.php\/wp-json\/wp\/v2\/media\/28242"}],"wp:attachment":[{"href":"https:\/\/cdnoticias.com\/index.php\/wp-json\/wp\/v2\/media?parent=28230"}],"wp:term":[{"taxonomy":"category","embeddable":true,"href":"https:\/\/cdnoticias.com\/index.php\/wp-json\/wp\/v2\/categories?post=28230"},{"taxonomy":"post_tag","embeddable":true,"href":"https:\/\/cdnoticias.com\/index.php\/wp-json\/wp\/v2\/tags?post=28230"}],"curies":[{"name":"wp","href":"https:\/\/api.w.org\/{rel}","templated":true}]}}