{"id":28228,"date":"2021-08-01T09:16:46","date_gmt":"2021-08-01T12:16:46","guid":{"rendered":"http:\/\/www.centraldenoticias.com.ar\/?p=28228"},"modified":"2021-08-01T09:16:46","modified_gmt":"2021-08-01T12:16:46","slug":"juan-carlos-lopez-q-e-p-d","status":"publish","type":"post","link":"https:\/\/cdnoticias.com\/index.php\/2021\/08\/01\/juan-carlos-lopez-q-e-p-d\/","title":{"rendered":"Juan Carlos L\u00f3pez (Q.E.P.D.)"},"content":{"rendered":"<p>Falleci\u00f3 en Olavarr\u00eda el d\u00eda 31 de Julio de 2021 a los 59 a\u00f1os de edad. Sus hermanos Oscar, Miriam, Julio y Luis. Sus sobrinos Carina, Mario, Lola, Eugenia, Marcelo, Cintia, Majo, Lucas, Emilia, Guadalupe, Yazm\u00edn, Kiara,Lautaro, Thiago, Santiago, Mora, Emma, Nahuel, Nicole, Bianca, Sim\u00f3n, Martina, Brisa, Cristian y Carolina. Sus sobrinos pol\u00edticos Martin, Daniel, Lito, Miqueas, Paola, Marianela y Luis. Sus hermanas pol\u00edticas Andrea y<br \/>\nLaura. Sus amigos y dem\u00e1s deudos participan su fallecimiento.<\/p>\n<p>Sus ser\u00e1n velados este domingo desde las 9.30 en la sala de Espa\u00f1a 2942, departamento &#8220;A&#8221;, y ser\u00e1n inhumados desde las 11.30 en el cementerio Loma de Paz. Servicio adherido a Coopelectric.<\/p>\n<p>Nacido en Espigas, vecino de Barrio AOMA. Empleado.<\/p>\n","protected":false},"excerpt":{"rendered":"<p>Falleci\u00f3 en Olavarr\u00eda el d\u00eda 31 de Julio de 2021 a los 59 a\u00f1os de edad. Sus hermanos Oscar, Miriam,<\/p>\n","protected":false},"author":3,"featured_media":0,"comment_status":"closed","ping_status":"closed","sticky":false,"template":"","format":"standard","meta":{"_jetpack_memberships_contains_paid_content":false,"footnotes":""},"categories":[10],"tags":[],"class_list":["post-28228","post","type-post","status-publish","format-standard","hentry","category-necrologicas"],"jetpack_featured_media_url":"","jetpack_sharing_enabled":true,"_links":{"self":[{"href":"https:\/\/cdnoticias.com\/index.php\/wp-json\/wp\/v2\/posts\/28228","targetHints":{"allow":["GET"]}}],"collection":[{"href":"https:\/\/cdnoticias.com\/index.php\/wp-json\/wp\/v2\/posts"}],"about":[{"href":"https:\/\/cdnoticias.com\/index.php\/wp-json\/wp\/v2\/types\/post"}],"author":[{"embeddable":true,"href":"https:\/\/cdnoticias.com\/index.php\/wp-json\/wp\/v2\/users\/3"}],"replies":[{"embeddable":true,"href":"https:\/\/cdnoticias.com\/index.php\/wp-json\/wp\/v2\/comments?post=28228"}],"version-history":[{"count":0,"href":"https:\/\/cdnoticias.com\/index.php\/wp-json\/wp\/v2\/posts\/28228\/revisions"}],"wp:attachment":[{"href":"https:\/\/cdnoticias.com\/index.php\/wp-json\/wp\/v2\/media?parent=28228"}],"wp:term":[{"taxonomy":"category","embeddable":true,"href":"https:\/\/cdnoticias.com\/index.php\/wp-json\/wp\/v2\/categories?post=28228"},{"taxonomy":"post_tag","embeddable":true,"href":"https:\/\/cdnoticias.com\/index.php\/wp-json\/wp\/v2\/tags?post=28228"}],"curies":[{"name":"wp","href":"https:\/\/api.w.org\/{rel}","templated":true}]}}