{"id":2822,"date":"2020-09-30T10:38:02","date_gmt":"2020-09-30T13:38:02","guid":{"rendered":"http:\/\/www.centraldenoticias.com.ar\/?p=2822"},"modified":"2020-09-30T10:38:02","modified_gmt":"2020-09-30T13:38:02","slug":"concejales-del-frente-de-todos-de-la-septima-conforman-ambito-de-trabajo-colectivo","status":"publish","type":"post","link":"https:\/\/cdnoticias.com\/index.php\/2020\/09\/30\/concejales-del-frente-de-todos-de-la-septima-conforman-ambito-de-trabajo-colectivo\/","title":{"rendered":"Concejales del Frente de Todos de la S\u00e9ptima conforman \u201c\u00e1mbito de trabajo colectivo\u201d"},"content":{"rendered":"<p>En un encuentro realizado este martes, concejales y concejalas de los distritos de la Secci\u00f3n mantuvieron un encuentro virtual para \u201ccoordinar acciones y planificar trabajo en los \u00e1mbitos deliberativos\u201d.<!--more--><\/p>\n<hr \/>\n<p>Este \u00faltimo martes, <strong>concejales y concejalas de todos los distritos de la S\u00e9ptima Secci\u00f3n Electoral del Frente de Todos mantuvieron una reuni\u00f3n para coordinar acciones y planificar trabajo en los \u00e1mbitos deliberativos.<\/strong><\/p>\n<p>&nbsp;<\/p>\n<blockquote><p>El objetivo del espacio es el de \u201cfortalecer v\u00ednculos y el trabajo seccional trazando una agenda de trabajo legislativa que contemple las principales problem\u00e1ticas de la regi\u00f3n\u201d.<\/p><\/blockquote>\n<p>&nbsp;<\/p>\n<p>A lo largo de los encuentros se elaborar\u00e1 una<strong> agenda com\u00fan, con un orden del d\u00eda para poder unificar criterios, intercambiar proyectos, ordenanzas, resoluciones, compartir diagn\u00f3sticos, relevamiento a nivel regional y provincial para crear pol\u00edticas p\u00fablicas y que se puedan replicar en los dem\u00e1s distritos.<\/strong><\/p>\n<p>&nbsp;<\/p>\n<p>Adem\u00e1s las reuniones contar\u00e1n <em>\u201ccon el acompa\u00f1amiento de funcionarios nacionales y provinciales para trasladar demandas, necesidades y propuestas que permitan fortalecer la labor de los ediles y generar las herramientas necesarias para afrontar este contexto\u201d.<\/em><\/p>\n<p>&nbsp;<\/p>\n<p>Durante el encuentro se hizo referencia tambi\u00e9n a la<strong> situaci\u00f3n de cada distrito y el impacto que tuvieron las pol\u00edticas impulsadas por el Gobierno Nacional y el Provincial como las ATP, el IFE, el congelamiento de tarifas, para la reactivaci\u00f3n econ\u00f3mica y en materia sanitaria destacaron la inversi\u00f3n y la revalorizaci\u00f3n del sistema de salud p\u00fablica<\/strong> que permite hacerle frente a la pandemia.<\/p>\n<p>&nbsp;<\/p>\n<p>Participaron de la reuni\u00f3n concejales y concejalas de Olavarr\u00eda, 25 de Mayo, Saladillo, Azul, Roque P\u00e9rez, General Alvear y Tapalqu\u00e9.<\/p>\n","protected":false},"excerpt":{"rendered":"<p>En un encuentro realizado este martes, concejales y concejalas de los distritos de la Secci\u00f3n mantuvieron un encuentro virtual para<\/p>\n","protected":false},"author":2,"featured_media":2823,"comment_status":"closed","ping_status":"closed","sticky":false,"template":"","format":"standard","meta":{"_jetpack_memberships_contains_paid_content":false,"footnotes":""},"categories":[4,1],"tags":[],"class_list":["post-2822","post","type-post","status-publish","format-standard","has-post-thumbnail","hentry","category-politica","category-portada"],"jetpack_featured_media_url":"https:\/\/i0.wp.com\/cdnoticias.com\/wp-content\/uploads\/2020\/09\/A-1.jpeg?fit=1280%2C671&ssl=1","jetpack_sharing_enabled":true,"_links":{"self":[{"href":"https:\/\/cdnoticias.com\/index.php\/wp-json\/wp\/v2\/posts\/2822","targetHints":{"allow":["GET"]}}],"collection":[{"href":"https:\/\/cdnoticias.com\/index.php\/wp-json\/wp\/v2\/posts"}],"about":[{"href":"https:\/\/cdnoticias.com\/index.php\/wp-json\/wp\/v2\/types\/post"}],"author":[{"embeddable":true,"href":"https:\/\/cdnoticias.com\/index.php\/wp-json\/wp\/v2\/users\/2"}],"replies":[{"embeddable":true,"href":"https:\/\/cdnoticias.com\/index.php\/wp-json\/wp\/v2\/comments?post=2822"}],"version-history":[{"count":0,"href":"https:\/\/cdnoticias.com\/index.php\/wp-json\/wp\/v2\/posts\/2822\/revisions"}],"wp:featuredmedia":[{"embeddable":true,"href":"https:\/\/cdnoticias.com\/index.php\/wp-json\/wp\/v2\/media\/2823"}],"wp:attachment":[{"href":"https:\/\/cdnoticias.com\/index.php\/wp-json\/wp\/v2\/media?parent=2822"}],"wp:term":[{"taxonomy":"category","embeddable":true,"href":"https:\/\/cdnoticias.com\/index.php\/wp-json\/wp\/v2\/categories?post=2822"},{"taxonomy":"post_tag","embeddable":true,"href":"https:\/\/cdnoticias.com\/index.php\/wp-json\/wp\/v2\/tags?post=2822"}],"curies":[{"name":"wp","href":"https:\/\/api.w.org\/{rel}","templated":true}]}}