{"id":28192,"date":"2021-07-31T18:12:01","date_gmt":"2021-07-31T21:12:01","guid":{"rendered":"http:\/\/www.centraldenoticias.com.ar\/?p=28192"},"modified":"2021-07-31T20:51:48","modified_gmt":"2021-07-31T23:51:48","slug":"se-detectaron-18-nuevos-casos-de-covid-y-quedan-257-pacientes","status":"publish","type":"post","link":"https:\/\/cdnoticias.com\/index.php\/2021\/07\/31\/se-detectaron-18-nuevos-casos-de-covid-y-quedan-257-pacientes\/","title":{"rendered":"Se detectaron 18 nuevos casos de Covid y quedan 257 pacientes"},"content":{"rendered":"<p class=\"western\">El cierre de la semana reafirm\u00f3 la tendencia local a la baja. En el mismo sentido se mostr\u00f3 la ocupaci\u00f3n hospitalaria.<!--more--><\/p>\n<hr \/>\n<p class=\"western\"><strong>La Secretar\u00eda de Salud del Municipio inform\u00f3 que este s\u00e1bado se analizaron 88 hisopados: 18 fueron positivos para Covid-19<\/strong> y 70, negativos.<\/p>\n<p>&nbsp;<\/p>\n<p class=\"western\">Asimismo 52 personas recibieron el alta m\u00e9dica, por lo que <strong>son 257 pacientes quienes transitan la enfermedad en Olavarr\u00eda<\/strong>. Permanecen 82 casos sospechosos.<\/p>\n<p>&nbsp;<\/p>\n<p class=\"western\">En tanto, <strong>se mantiene en 330 el n\u00famero de fallecidos<\/strong>. De ellos, 173 son hombres y 157, mujeres.<\/p>\n<p><img data-recalc-dims=\"1\" loading=\"lazy\" decoding=\"async\" class=\"alignnone wp-image-28193\" src=\"https:\/\/i0.wp.com\/cdnoticias.com\/wp-content\/uploads\/2021\/07\/covid-parte-1.jpeg?resize=350%2C350&#038;ssl=1\" alt=\"\" width=\"350\" height=\"350\" srcset=\"https:\/\/i0.wp.com\/cdnoticias.com\/wp-content\/uploads\/2021\/07\/covid-parte-1.jpeg?resize=1024%2C1024&amp;ssl=1 1024w, https:\/\/i0.wp.com\/cdnoticias.com\/wp-content\/uploads\/2021\/07\/covid-parte-1.jpeg?resize=150%2C150&amp;ssl=1 150w, https:\/\/i0.wp.com\/cdnoticias.com\/wp-content\/uploads\/2021\/07\/covid-parte-1.jpeg?resize=300%2C300&amp;ssl=1 300w, https:\/\/i0.wp.com\/cdnoticias.com\/wp-content\/uploads\/2021\/07\/covid-parte-1.jpeg?resize=768%2C768&amp;ssl=1 768w, https:\/\/i0.wp.com\/cdnoticias.com\/wp-content\/uploads\/2021\/07\/covid-parte-1.jpeg?w=1280&amp;ssl=1 1280w\" sizes=\"auto, (max-width: 350px) 100vw, 350px\" \/><img data-recalc-dims=\"1\" loading=\"lazy\" decoding=\"async\" class=\"alignnone wp-image-28194\" src=\"https:\/\/i0.wp.com\/cdnoticias.com\/wp-content\/uploads\/2021\/07\/covid-parte-3.jpeg?resize=350%2C350&#038;ssl=1\" alt=\"\" width=\"350\" height=\"350\" srcset=\"https:\/\/i0.wp.com\/cdnoticias.com\/wp-content\/uploads\/2021\/07\/covid-parte-3.jpeg?resize=1024%2C1024&amp;ssl=1 1024w, https:\/\/i0.wp.com\/cdnoticias.com\/wp-content\/uploads\/2021\/07\/covid-parte-3.jpeg?resize=150%2C150&amp;ssl=1 150w, https:\/\/i0.wp.com\/cdnoticias.com\/wp-content\/uploads\/2021\/07\/covid-parte-3.jpeg?resize=300%2C300&amp;ssl=1 300w, https:\/\/i0.wp.com\/cdnoticias.com\/wp-content\/uploads\/2021\/07\/covid-parte-3.jpeg?resize=768%2C767&amp;ssl=1 768w, https:\/\/i0.wp.com\/cdnoticias.com\/wp-content\/uploads\/2021\/07\/covid-parte-3.jpeg?w=1280&amp;ssl=1 1280w\" sizes=\"auto, (max-width: 350px) 100vw, 350px\" \/><\/p>\n<p>&nbsp;<\/p>\n<p class=\"western\">\u201cEn cuanto a la <strong>incidencia de casos de la semana, el n\u00famero fue 24.9 (de riesgo bajo)<\/strong> y la raz\u00f3n de los casos fue de 0.7, tambi\u00e9n de riesgo bajo\u201d se detall\u00f3 desde la Secretar\u00eda de Salud.<\/p>\n<p>&nbsp;<\/p>\n<blockquote>\n<p class=\"western\">La cantidad de casos activos viene mostrando una lenta pero sostenida tendencia a la baja en Olavarr\u00eda, al igual que se reconfirma respecto de la cantidad de nuevos casos detectados en la diaria.<\/p>\n<\/blockquote>\n<p>&nbsp;<\/p>\n<p><img data-recalc-dims=\"1\" loading=\"lazy\" decoding=\"async\" class=\"aligncenter wp-image-28195\" src=\"https:\/\/i0.wp.com\/cdnoticias.com\/wp-content\/uploads\/2021\/07\/covid-parte-5.jpeg?resize=350%2C350&#038;ssl=1\" alt=\"\" width=\"350\" height=\"350\" srcset=\"https:\/\/i0.wp.com\/cdnoticias.com\/wp-content\/uploads\/2021\/07\/covid-parte-5.jpeg?resize=1024%2C1024&amp;ssl=1 1024w, https:\/\/i0.wp.com\/cdnoticias.com\/wp-content\/uploads\/2021\/07\/covid-parte-5.jpeg?resize=150%2C150&amp;ssl=1 150w, https:\/\/i0.wp.com\/cdnoticias.com\/wp-content\/uploads\/2021\/07\/covid-parte-5.jpeg?resize=300%2C300&amp;ssl=1 300w, https:\/\/i0.wp.com\/cdnoticias.com\/wp-content\/uploads\/2021\/07\/covid-parte-5.jpeg?resize=768%2C768&amp;ssl=1 768w, https:\/\/i0.wp.com\/cdnoticias.com\/wp-content\/uploads\/2021\/07\/covid-parte-5.jpeg?w=1280&amp;ssl=1 1280w\" sizes=\"auto, (max-width: 350px) 100vw, 350px\" \/><\/p>\n<p>&nbsp;<\/p>\n<p class=\"western\"><strong>Casos activos<\/strong><\/p>\n<p>&nbsp;<\/p>\n<p class=\"western\"><strong>El 89% del total de los casos tiene menos de 60 a\u00f1os<\/strong>: es una proporci\u00f3n que se mantuvo a lo largo de toda la semana.<\/p>\n<p>&nbsp;<\/p>\n<p class=\"western\">En el detalle que brinda la Secretar\u00eda de Salud de los casos por franja etaria, se destaca que<strong> 28,7% de todos los pacientes activos corresponde a personas de 36 a 50 a\u00f1os<\/strong>.<\/p>\n<p>&nbsp;<\/p>\n<p class=\"western\">En cuanto a la incidencia en los m\u00e1s j\u00f3venes, se indic\u00f3 que son<strong> 32 los ni\u00f1os de 0 a 18 a\u00f1os y adolescentes infectados: 12,4% del total de los casos activos<\/strong>.<\/p>\n<p><img data-recalc-dims=\"1\" loading=\"lazy\" decoding=\"async\" class=\"alignnone wp-image-28196\" src=\"https:\/\/i0.wp.com\/cdnoticias.com\/wp-content\/uploads\/2021\/07\/covid-parte-6.jpeg?resize=350%2C350&#038;ssl=1\" alt=\"\" width=\"350\" height=\"350\" srcset=\"https:\/\/i0.wp.com\/cdnoticias.com\/wp-content\/uploads\/2021\/07\/covid-parte-6.jpeg?resize=1024%2C1024&amp;ssl=1 1024w, https:\/\/i0.wp.com\/cdnoticias.com\/wp-content\/uploads\/2021\/07\/covid-parte-6.jpeg?resize=150%2C150&amp;ssl=1 150w, https:\/\/i0.wp.com\/cdnoticias.com\/wp-content\/uploads\/2021\/07\/covid-parte-6.jpeg?resize=300%2C300&amp;ssl=1 300w, https:\/\/i0.wp.com\/cdnoticias.com\/wp-content\/uploads\/2021\/07\/covid-parte-6.jpeg?resize=768%2C768&amp;ssl=1 768w, https:\/\/i0.wp.com\/cdnoticias.com\/wp-content\/uploads\/2021\/07\/covid-parte-6.jpeg?w=1280&amp;ssl=1 1280w\" sizes=\"auto, (max-width: 350px) 100vw, 350px\" \/><img data-recalc-dims=\"1\" loading=\"lazy\" decoding=\"async\" class=\"alignnone wp-image-28197\" src=\"https:\/\/i0.wp.com\/cdnoticias.com\/wp-content\/uploads\/2021\/07\/covid-parte-2.jpeg?resize=350%2C350&#038;ssl=1\" alt=\"\" width=\"350\" height=\"350\" srcset=\"https:\/\/i0.wp.com\/cdnoticias.com\/wp-content\/uploads\/2021\/07\/covid-parte-2.jpeg?resize=1024%2C1024&amp;ssl=1 1024w, https:\/\/i0.wp.com\/cdnoticias.com\/wp-content\/uploads\/2021\/07\/covid-parte-2.jpeg?resize=150%2C150&amp;ssl=1 150w, https:\/\/i0.wp.com\/cdnoticias.com\/wp-content\/uploads\/2021\/07\/covid-parte-2.jpeg?resize=300%2C300&amp;ssl=1 300w, https:\/\/i0.wp.com\/cdnoticias.com\/wp-content\/uploads\/2021\/07\/covid-parte-2.jpeg?resize=768%2C768&amp;ssl=1 768w, https:\/\/i0.wp.com\/cdnoticias.com\/wp-content\/uploads\/2021\/07\/covid-parte-2.jpeg?w=1280&amp;ssl=1 1280w\" sizes=\"auto, (max-width: 350px) 100vw, 350px\" \/><\/p>\n<p class=\"western\"><strong>Ocupaci\u00f3n Hospitalaria<\/strong><\/p>\n<p>&nbsp;<\/p>\n<blockquote>\n<p class=\"western\">En el Hospital Municipal \u201cDr. H\u00e9ctor M. Cura\u201d hay 17 pacientes internados con Covid: 5 en la Unidad de Terapia Intensiva y 12 en Cuidados Generales.<\/p>\n<\/blockquote>\n<p>&nbsp;<\/p>\n<p class=\"western\">En cuanto a la ocupaci\u00f3n, se indic\u00f3 que es de<strong> 35% en Terapia Intensiva<\/strong> y de <strong>59% en Cuidados Generales<\/strong>, entre pacientes con Covid y con otras patolog\u00edas.<\/p>\n<p>&nbsp;<\/p>\n<p class=\"western\">Cabe se\u00f1alar que <strong>estos porcentajes de ocupaci\u00f3n est\u00e1n entre los m\u00e1s bajos desde abril a la actualidad<\/strong> en el Hospital Municipal.<\/p>\n","protected":false},"excerpt":{"rendered":"<p>El cierre de la semana reafirm\u00f3 la tendencia local a la baja. En el mismo sentido se mostr\u00f3 la ocupaci\u00f3n<\/p>\n","protected":false},"author":4,"featured_media":19776,"comment_status":"closed","ping_status":"closed","sticky":false,"template":"","format":"standard","meta":{"_jetpack_memberships_contains_paid_content":false,"footnotes":""},"categories":[16,1],"tags":[],"class_list":["post-28192","post","type-post","status-publish","format-standard","has-post-thumbnail","hentry","category-covid-19","category-portada"],"jetpack_featured_media_url":"https:\/\/i0.wp.com\/cdnoticias.com\/wp-content\/uploads\/2021\/04\/Hospital-entrada00-800x445.jpg?fit=800%2C445&ssl=1","jetpack_sharing_enabled":true,"_links":{"self":[{"href":"https:\/\/cdnoticias.com\/index.php\/wp-json\/wp\/v2\/posts\/28192","targetHints":{"allow":["GET"]}}],"collection":[{"href":"https:\/\/cdnoticias.com\/index.php\/wp-json\/wp\/v2\/posts"}],"about":[{"href":"https:\/\/cdnoticias.com\/index.php\/wp-json\/wp\/v2\/types\/post"}],"author":[{"embeddable":true,"href":"https:\/\/cdnoticias.com\/index.php\/wp-json\/wp\/v2\/users\/4"}],"replies":[{"embeddable":true,"href":"https:\/\/cdnoticias.com\/index.php\/wp-json\/wp\/v2\/comments?post=28192"}],"version-history":[{"count":0,"href":"https:\/\/cdnoticias.com\/index.php\/wp-json\/wp\/v2\/posts\/28192\/revisions"}],"wp:featuredmedia":[{"embeddable":true,"href":"https:\/\/cdnoticias.com\/index.php\/wp-json\/wp\/v2\/media\/19776"}],"wp:attachment":[{"href":"https:\/\/cdnoticias.com\/index.php\/wp-json\/wp\/v2\/media?parent=28192"}],"wp:term":[{"taxonomy":"category","embeddable":true,"href":"https:\/\/cdnoticias.com\/index.php\/wp-json\/wp\/v2\/categories?post=28192"},{"taxonomy":"post_tag","embeddable":true,"href":"https:\/\/cdnoticias.com\/index.php\/wp-json\/wp\/v2\/tags?post=28192"}],"curies":[{"name":"wp","href":"https:\/\/api.w.org\/{rel}","templated":true}]}}