{"id":28150,"date":"2021-07-31T12:17:32","date_gmt":"2021-07-31T15:17:32","guid":{"rendered":"http:\/\/www.centraldenoticias.com.ar\/?p=28150"},"modified":"2021-07-31T13:10:03","modified_gmt":"2021-07-31T16:10:03","slug":"mas-frecuencias-en-las-lineas-de-colectivos-a-hinojo-y-loma-negra","status":"publish","type":"post","link":"https:\/\/cdnoticias.com\/index.php\/2021\/07\/31\/mas-frecuencias-en-las-lineas-de-colectivos-a-hinojo-y-loma-negra\/","title":{"rendered":"M\u00e1s frecuencias en las l\u00edneas de colectivos a Hinojo y Loma Negra"},"content":{"rendered":"<p>La Municipalidad inform\u00f3 que se ampl\u00eda el horario para las l\u00edneas de transporte interurbano. Comenzar\u00e1 desde el lunes.<!--more--><\/p>\n<hr \/>\n<p><strong>A partir del lunes 2 de agosto se ampliar\u00e1 el horario de frecuencia para las l\u00edneas de transporte interurbano, para las localidades de Loma Negra e Hinojo<\/strong>.<\/p>\n<p>&nbsp;<\/p>\n<p>Lo inform\u00f3 la Municipalidad que detall\u00f3 los nuevos horarios, que comenzar\u00e1n a regir a partir de la semana entrante en las <strong>l\u00edneas 509 y 514<\/strong>.<\/p>\n<p>&nbsp;<\/p>\n<p><strong>L\u00ednea 509<\/strong><\/p>\n<p>&nbsp;<\/p>\n<p>11:00 horas de Olavarr\u00eda a Loma Negra. Regreso 12:00<\/p>\n<p>13:00 horas de Olavarr\u00eda a Loma Negra. Regreso 14:00<\/p>\n<p>17:00 horas de Olavarr\u00eda a Loma Negra. Regreso 18:00<\/p>\n<p>&nbsp;<\/p>\n<p><strong>L\u00ednea 514<\/strong><\/p>\n<p>&nbsp;<\/p>\n<p>13:00 horas de Olavarr\u00eda a Hinojo. Regreso 14:00<\/p>\n<p>17:00 horas de Olavarr\u00eda a Hinojo. Regreso 18:00<\/p>\n","protected":false},"excerpt":{"rendered":"<p>La Municipalidad inform\u00f3 que se ampl\u00eda el horario para las l\u00edneas de transporte interurbano. Comenzar\u00e1 desde el lunes.<\/p>\n","protected":false},"author":4,"featured_media":12275,"comment_status":"closed","ping_status":"closed","sticky":false,"template":"","format":"standard","meta":{"_jetpack_memberships_contains_paid_content":false,"footnotes":""},"categories":[5,1],"tags":[],"class_list":["post-28150","post","type-post","status-publish","format-standard","has-post-thumbnail","hentry","category-informacion-general","category-portada"],"jetpack_featured_media_url":"https:\/\/i0.wp.com\/cdnoticias.com\/wp-content\/uploads\/2021\/01\/ola-bus-transporte04.jpg?fit=1000%2C556&ssl=1","jetpack_sharing_enabled":true,"_links":{"self":[{"href":"https:\/\/cdnoticias.com\/index.php\/wp-json\/wp\/v2\/posts\/28150","targetHints":{"allow":["GET"]}}],"collection":[{"href":"https:\/\/cdnoticias.com\/index.php\/wp-json\/wp\/v2\/posts"}],"about":[{"href":"https:\/\/cdnoticias.com\/index.php\/wp-json\/wp\/v2\/types\/post"}],"author":[{"embeddable":true,"href":"https:\/\/cdnoticias.com\/index.php\/wp-json\/wp\/v2\/users\/4"}],"replies":[{"embeddable":true,"href":"https:\/\/cdnoticias.com\/index.php\/wp-json\/wp\/v2\/comments?post=28150"}],"version-history":[{"count":0,"href":"https:\/\/cdnoticias.com\/index.php\/wp-json\/wp\/v2\/posts\/28150\/revisions"}],"wp:featuredmedia":[{"embeddable":true,"href":"https:\/\/cdnoticias.com\/index.php\/wp-json\/wp\/v2\/media\/12275"}],"wp:attachment":[{"href":"https:\/\/cdnoticias.com\/index.php\/wp-json\/wp\/v2\/media?parent=28150"}],"wp:term":[{"taxonomy":"category","embeddable":true,"href":"https:\/\/cdnoticias.com\/index.php\/wp-json\/wp\/v2\/categories?post=28150"},{"taxonomy":"post_tag","embeddable":true,"href":"https:\/\/cdnoticias.com\/index.php\/wp-json\/wp\/v2\/tags?post=28150"}],"curies":[{"name":"wp","href":"https:\/\/api.w.org\/{rel}","templated":true}]}}